{
    "id": 677,
    "date": "2023-06-16T14:17:28",
    "date_gmt": "2023-06-16T12:17:28",
    "guid": {
        "rendered": "http:\/\/alpenblickkreischberg.at\/?page_id=677"
    },
    "modified": "2023-08-18T11:54:19",
    "modified_gmt": "2023-08-18T09:54:19",
    "slug": "impresszum",
    "status": "publish",
    "type": "page",
    "link": "https:\/\/alpenblickkreischberg.at\/hu\/impresszum\/",
    "title": {
        "rendered": "Impresszum"
    },
    "content": {
        "rendered": "<div data-elementor-type=\"wp-page\" data-elementor-id=\"677\" class=\"elementor elementor-677\" data-elementor-post-type=\"page\">\n\t\t\t\t<div class=\"elementor-element elementor-element-433d3c9 e-con-full e-flex e-con e-parent\" data-id=\"433d3c9\" data-element_type=\"container\" data-e-type=\"container\">\n\t\t\t\t<div class=\"elementor-element elementor-element-8052f85 elementor-widget elementor-widget-heading\" data-id=\"8052f85\" data-element_type=\"widget\" data-e-type=\"widget\" data-widget_type=\"heading.default\">\n\t\t\t\t<div class=\"elementor-widget-container\">\n\t\t\t\t\t<h1 class=\"elementor-heading-title elementor-size-default\">Impresszum<\/h1>\t\t\t\t<\/div>\n\t\t\t\t<\/div>\n\t\t<div class=\"elementor-element elementor-element-1dda75b e-flex e-con-boxed e-con e-parent\" data-id=\"1dda75b\" data-element_type=\"container\" data-e-type=\"container\">\n\t\t\t\t\t<div class=\"e-con-inner\">\n\t\t\t\t<div class=\"elementor-element elementor-element-abcb4fc elementor-widget elementor-widget-text-editor\" data-id=\"abcb4fc\" data-element_type=\"widget\" data-e-type=\"widget\" data-widget_type=\"text-editor.default\">\n\t\t\t\t<div class=\"elementor-widget-container\">\n\t\t\t\t\t\t\t\t\t<h5>Hotel Alpenblick****<br \/>HRK Management GmbH<\/h5><p>Kreischberg 2<br \/>8861 St. Georgen am Kreischberg<br \/>Tel.: +43 3537 25 002<br \/>E-mail: reservierung@alpenblickkreischberg.at<\/p><p>C\u00e9gjegyz\u00e9ksz\u00e1m: FN 566648g<br \/>C\u00e9gjegyz\u00e9k ki\u00e1ll\u00edtotta: Landesgericht Leoben<br \/>UID: ATU77398978<br \/>Fel\u00fcgyeleti Hat\u00f3s\u00e1g: Bezirkshauptmannschaft Murau<\/p>\t\t\t\t\t\t\t\t<\/div>\n\t\t\t\t<\/div>\n\t\t\t\t<div class=\"elementor-element elementor-element-098cc01 elementor-widget elementor-widget-heading\" data-id=\"098cc01\" data-element_type=\"widget\" data-e-type=\"widget\" data-widget_type=\"heading.default\">\n\t\t\t\t<div class=\"elementor-widget-container\">\n\t\t\t\t\t<div class=\"elementor-heading-title elementor-size-default\">Az esetleges hib\u00e1k\u00e9rt, el\u00edr\u00e1sok\u00e9rt felel\u0151ss\u00e9get nem v\u00e1llalunk.<\/div>\t\t\t\t<\/div>\n\t\t\t\t<\/div>\n\t\t\t\t<div class=\"elementor-element elementor-element-c074dae elementor-widget-divider--view-line elementor-widget elementor-widget-divider\" data-id=\"c074dae\" data-element_type=\"widget\" data-e-type=\"widget\" data-widget_type=\"divider.default\">\n\t\t\t\t<div class=\"elementor-widget-container\">\n\t\t\t\t\t\t\t<div class=\"elementor-divider\">\n\t\t\t<span class=\"elementor-divider-separator\">\n\t\t\t\t\t\t<\/span>\n\t\t<\/div>\n\t\t\t\t\t\t<\/div>\n\t\t\t\t<\/div>\n\t\t\t\t<div class=\"elementor-element elementor-element-10d3e58 elementor-widget elementor-widget-text-editor\" data-id=\"10d3e58\" data-element_type=\"widget\" data-e-type=\"widget\" data-widget_type=\"text-editor.default\">\n\t\t\t\t<div class=\"elementor-widget-container\">\n\t\t\t\t\t\t\t\t\t<p>A <a href=\"https:\/\/www.wko.at\/branchen\/tourismus-freizeitwirtschaft\/hotellerie\/AGBH_ungarisch.pdf\" target=\"_blank\" rel=\"noopener\">sz\u00e1lloda- \u00e9s vend\u00e9gl\u00e1t\u00f3ipari \u00e1ltal\u00e1nos \u00fczleti felt\u00e9telek (ABGH) 2006<\/a> \u00e9rv\u00e9nyesek sz\u00e1llod\u00e1nkra.<\/p><h5>A honlapunkon felt\u00f6lt\u00f6tt tartalommal kapcsolatos felel\u0151ss\u00e9g v\u00e1llal\u00e1s:<\/h5><p>Honlapunk tartalm\u00e1t alapos gondoss\u00e1ggal \u00e9s legjobb tud\u00e1sunk szerint \u00e1ll\u00edtottuk \u00f6ssze. Az oldalak naprak\u00e9szs\u00e9g\u00e9\u00e9rt, vagy pontoss\u00e1g\u00e1\u00e9rt azonban felel\u0151ss\u00e9get nem \u00e1ll m\u00f3dunkban v\u00e1llalni.<\/p><h5>A k\u00fcls\u0151 hivatkoz\u00e1sokkal kapcsolatos felel\u0151ss\u00e9gv\u00e1llal\u00e1s:<\/h5><p>Honlapunk harmadik felek weboldalaira mutat\u00f3 linkeket tartalmaz (\u201ck\u00fcls\u0151 linkek\u201d). Mivel ezeknek a weboldalaknak a tartalma nem c\u00e9g\u00fcnk ellen\u0151rz\u00e9se alatt \u00e1ll , ez\u00e9rt nem v\u00e1llalunk felel\u0151ss\u00e9get ezen tartalmak\u00e9rt. Minden esetben a kapcsol\u00f3d\u00f3 weboldalak \u00fczemeltet\u0151je felel a szolg\u00e1ltatott inform\u00e1ci\u00f3k tartalm\u00e1\u00e9rt \u00e9s hiteless\u00e9g\u00e9\u00e9rt.. Amint egy esetleges t\u00f6rv\u00e9ny megs\u00e9rt\u00e9se tudom\u00e1sunkra jut, azonnal elt\u00e1vol\u00edtjuk a k\u00e9rd\u00e9ses hivatkoz\u00e1st.<\/p><h5>Szerz\u0151i jogok:<\/h5><p>Az ezen a weboldalon k\u00f6zz\u00e9tett tartalmakat Ausztria szerz\u0151i jogi t\u00f6rv\u00e9nyei szab\u00e1lyozz\u00e1k. A szerz\u0151i jogi t\u00f6rv\u00e9ny hat\u00e1ly\u00e1n k\u00edv\u00fcl es\u0151 b\u00e1rmilyen m\u00e1sol\u00e1s, feldolgoz\u00e1s, terjeszt\u00e9s vagy b\u00e1rmilyen felhaszn\u00e1l\u00e1si forma megk\u00f6veteli a szerz\u0151 vagy szerz\u0151k el\u0151zetes \u00edr\u00e1sbeli hozz\u00e1j\u00e1rul\u00e1s\u00e1t.<\/p>\t\t\t\t\t\t\t\t<\/div>\n\t\t\t\t<\/div>\n\t\t\t\t\t<\/div>\n\t\t\t\t<\/div>\n\t\t\t\t<\/div>\n\t\t\t\t<\/div>",
        "protected": false
    },
    "excerpt": {
        "rendered": "<p>Hotel Alpenblick****HRK Management GmbH Kreischberg 28861 St. Georgen am KreischbergTel.: +43 3537 25 002E-mail: reservierung@alpenblickkreischberg.at C\u00e9gjegyz\u00e9ksz\u00e1m: FN 566648gC\u00e9gjegyz\u00e9k ki\u00e1ll\u00edtotta: Landesgericht LeobenUID: ATU77398978Fel\u00fcgyeleti Hat\u00f3s\u00e1g: Bezirkshauptmannschaft Murau Az esetleges hib\u00e1k\u00e9rt, el\u00edr\u00e1sok\u00e9rt felel\u0151ss\u00e9get nem v\u00e1llalunk. A sz\u00e1lloda- \u00e9s vend\u00e9gl\u00e1t\u00f3ipari \u00e1ltal\u00e1nos \u00fczleti felt\u00e9telek (ABGH) 2006 \u00e9rv\u00e9nyesek sz\u00e1llod\u00e1nkra. A honlapunkon felt\u00f6lt\u00f6tt tartalommal kapcsolatos felel\u0151ss\u00e9g v\u00e1llal\u00e1s: Honlapunk tartalm\u00e1t alapos gondoss\u00e1ggal \u00e9s [&hellip;]<\/p>",
        "protected": false
    },
    "author": 4,
    "featured_media": 0,
    "parent": 0,
    "menu_order": 0,
    "comment_status": "closed",
    "ping_status": "closed",
    "template": "",
    "meta": {
        "footnotes": ""
    },
    "class_list": [
        "post-677",
        "page",
        "type-page",
        "status-publish",
        "hentry"
    ],
    "yoast_head": "<!-- This site is optimized with the Yoast SEO plugin v27.4 - https:\/\/yoast.com\/product\/yoast-seo-wordpress\/ -->\n<title>Impresszum - Alpenblick Kreischberg<\/title>\n<meta name=\"robots\" content=\"index, follow, max-snippet:-1, max-image-preview:large, max-video-preview:-1\" \/>\n<link rel=\"canonical\" href=\"https:\/\/alpenblickkreischberg.at\/hu\/impresszum\/\" \/>\n<meta property=\"og:locale\" content=\"hu_HU\" \/>\n<meta property=\"og:type\" content=\"article\" \/>\n<meta property=\"og:title\" content=\"Impresszum - Alpenblick Kreischberg\" \/>\n<meta property=\"og:description\" content=\"Hotel Alpenblick****HRK Management GmbH Kreischberg 28861 St. Georgen am KreischbergTel.: +43 3537 25 002E-mail: reservierung@alpenblickkreischberg.at C\u00e9gjegyz\u00e9ksz\u00e1m: FN 566648gC\u00e9gjegyz\u00e9k ki\u00e1ll\u00edtotta: Landesgericht LeobenUID: ATU77398978Fel\u00fcgyeleti Hat\u00f3s\u00e1g: Bezirkshauptmannschaft Murau Az esetleges hib\u00e1k\u00e9rt, el\u00edr\u00e1sok\u00e9rt felel\u0151ss\u00e9get nem v\u00e1llalunk. A sz\u00e1lloda- \u00e9s vend\u00e9gl\u00e1t\u00f3ipari \u00e1ltal\u00e1nos \u00fczleti felt\u00e9telek (ABGH) 2006 \u00e9rv\u00e9nyesek sz\u00e1llod\u00e1nkra. A honlapunkon felt\u00f6lt\u00f6tt tartalommal kapcsolatos felel\u0151ss\u00e9g v\u00e1llal\u00e1s: Honlapunk tartalm\u00e1t alapos gondoss\u00e1ggal \u00e9s [&hellip;]\" \/>\n<meta property=\"og:url\" content=\"https:\/\/alpenblickkreischberg.at\/hu\/impresszum\/\" \/>\n<meta property=\"og:site_name\" content=\"Alpenblick Kreischberg\" \/>\n<meta property=\"article:modified_time\" content=\"2023-08-18T09:54:19+00:00\" \/>\n<meta name=\"twitter:card\" content=\"summary_large_image\" \/>\n<meta name=\"twitter:label1\" content=\"Becs\u00fclt olvas\u00e1si id\u0151\" \/>\n\t<meta name=\"twitter:data1\" content=\"1 perc\" \/>\n<script type=\"application\/ld+json\" class=\"yoast-schema-graph\">{\"@context\":\"https:\\\/\\\/schema.org\",\"@graph\":[{\"@type\":\"WebPage\",\"@id\":\"https:\\\/\\\/alpenblickkreischberg.at\\\/de\\\/impressum-und-agbs\\\/\",\"url\":\"https:\\\/\\\/alpenblickkreischberg.at\\\/de\\\/impressum-und-agbs\\\/\",\"name\":\"Impresszum - Alpenblick Kreischberg\",\"isPartOf\":{\"@id\":\"https:\\\/\\\/alpenblickkreischberg.at\\\/hu\\\/#website\"},\"datePublished\":\"2023-06-16T12:17:28+00:00\",\"dateModified\":\"2023-08-18T09:54:19+00:00\",\"breadcrumb\":{\"@id\":\"https:\\\/\\\/alpenblickkreischberg.at\\\/de\\\/impressum-und-agbs\\\/#breadcrumb\"},\"inLanguage\":\"hu\",\"potentialAction\":[{\"@type\":\"ReadAction\",\"target\":[\"https:\\\/\\\/alpenblickkreischberg.at\\\/de\\\/impressum-und-agbs\\\/\"]}]},{\"@type\":\"BreadcrumbList\",\"@id\":\"https:\\\/\\\/alpenblickkreischberg.at\\\/de\\\/impressum-und-agbs\\\/#breadcrumb\",\"itemListElement\":[{\"@type\":\"ListItem\",\"position\":1,\"name\":\"Kezd\u0151lap\",\"item\":\"https:\\\/\\\/alpenblickkreischberg.at\\\/\"},{\"@type\":\"ListItem\",\"position\":2,\"name\":\"Impresszum\"}]},{\"@type\":\"WebSite\",\"@id\":\"https:\\\/\\\/alpenblickkreischberg.at\\\/hu\\\/#website\",\"url\":\"https:\\\/\\\/alpenblickkreischberg.at\\\/hu\\\/\",\"name\":\"Alpenblick Kreischberg\",\"description\":\"Hotel a Kreischbergen Murau mellett\",\"publisher\":{\"@id\":\"https:\\\/\\\/alpenblickkreischberg.at\\\/hu\\\/#organization\"},\"potentialAction\":[{\"@type\":\"SearchAction\",\"target\":{\"@type\":\"EntryPoint\",\"urlTemplate\":\"https:\\\/\\\/alpenblickkreischberg.at\\\/hu\\\/?s={search_term_string}\"},\"query-input\":{\"@type\":\"PropertyValueSpecification\",\"valueRequired\":true,\"valueName\":\"search_term_string\"}}],\"inLanguage\":\"hu\"},{\"@type\":\"Organization\",\"@id\":\"https:\\\/\\\/alpenblickkreischberg.at\\\/hu\\\/#organization\",\"name\":\"Alpenblick Kreischberg\",\"url\":\"https:\\\/\\\/alpenblickkreischberg.at\\\/hu\\\/\",\"logo\":{\"@type\":\"ImageObject\",\"inLanguage\":\"hu\",\"@id\":\"https:\\\/\\\/alpenblickkreischberg.at\\\/hu\\\/#\\\/schema\\\/logo\\\/image\\\/\",\"url\":\"https:\\\/\\\/alpenblickkreischberg.at\\\/wp-content\\\/uploads\\\/2023\\\/06\\\/alpenblick-logo.png\",\"contentUrl\":\"https:\\\/\\\/alpenblickkreischberg.at\\\/wp-content\\\/uploads\\\/2023\\\/06\\\/alpenblick-logo.png\",\"width\":520,\"height\":212,\"caption\":\"Alpenblick Kreischberg\"},\"image\":{\"@id\":\"https:\\\/\\\/alpenblickkreischberg.at\\\/hu\\\/#\\\/schema\\\/logo\\\/image\\\/\"}}]}<\/script>\n<!-- \/ Yoast SEO plugin. -->",
    "yoast_head_json": {
        "title": "Impresszum - Alpenblick Kreischberg",
        "robots": {
            "index": "index",
            "follow": "follow",
            "max-snippet": "max-snippet:-1",
            "max-image-preview": "max-image-preview:large",
            "max-video-preview": "max-video-preview:-1"
        },
        "canonical": "https:\/\/alpenblickkreischberg.at\/hu\/impresszum\/",
        "og_locale": "hu_HU",
        "og_type": "article",
        "og_title": "Impresszum - Alpenblick Kreischberg",
        "og_description": "Hotel Alpenblick****HRK Management GmbH Kreischberg 28861 St. Georgen am KreischbergTel.: +43 3537 25 002E-mail: reservierung@alpenblickkreischberg.at C\u00e9gjegyz\u00e9ksz\u00e1m: FN 566648gC\u00e9gjegyz\u00e9k ki\u00e1ll\u00edtotta: Landesgericht LeobenUID: ATU77398978Fel\u00fcgyeleti Hat\u00f3s\u00e1g: Bezirkshauptmannschaft Murau Az esetleges hib\u00e1k\u00e9rt, el\u00edr\u00e1sok\u00e9rt felel\u0151ss\u00e9get nem v\u00e1llalunk. A sz\u00e1lloda- \u00e9s vend\u00e9gl\u00e1t\u00f3ipari \u00e1ltal\u00e1nos \u00fczleti felt\u00e9telek (ABGH) 2006 \u00e9rv\u00e9nyesek sz\u00e1llod\u00e1nkra. A honlapunkon felt\u00f6lt\u00f6tt tartalommal kapcsolatos felel\u0151ss\u00e9g v\u00e1llal\u00e1s: Honlapunk tartalm\u00e1t alapos gondoss\u00e1ggal \u00e9s [&hellip;]",
        "og_url": "https:\/\/alpenblickkreischberg.at\/hu\/impresszum\/",
        "og_site_name": "Alpenblick Kreischberg",
        "article_modified_time": "2023-08-18T09:54:19+00:00",
        "twitter_card": "summary_large_image",
        "twitter_misc": {
            "Becs\u00fclt olvas\u00e1si id\u0151": "1 perc"
        },
        "schema": {
            "@context": "https:\/\/schema.org",
            "@graph": [
                {
                    "@type": "WebPage",
                    "@id": "https:\/\/alpenblickkreischberg.at\/de\/impressum-und-agbs\/",
                    "url": "https:\/\/alpenblickkreischberg.at\/de\/impressum-und-agbs\/",
                    "name": "Impresszum - Alpenblick Kreischberg",
                    "isPartOf": {
                        "@id": "https:\/\/alpenblickkreischberg.at\/hu\/#website"
                    },
                    "datePublished": "2023-06-16T12:17:28+00:00",
                    "dateModified": "2023-08-18T09:54:19+00:00",
                    "breadcrumb": {
                        "@id": "https:\/\/alpenblickkreischberg.at\/de\/impressum-und-agbs\/#breadcrumb"
                    },
                    "inLanguage": "hu",
                    "potentialAction": [
                        {
                            "@type": "ReadAction",
                            "target": [
                                "https:\/\/alpenblickkreischberg.at\/de\/impressum-und-agbs\/"
                            ]
                        }
                    ]
                },
                {
                    "@type": "BreadcrumbList",
                    "@id": "https:\/\/alpenblickkreischberg.at\/de\/impressum-und-agbs\/#breadcrumb",
                    "itemListElement": [
                        {
                            "@type": "ListItem",
                            "position": 1,
                            "name": "Kezd\u0151lap",
                            "item": "https:\/\/alpenblickkreischberg.at\/"
                        },
                        {
                            "@type": "ListItem",
                            "position": 2,
                            "name": "Impresszum"
                        }
                    ]
                },
                {
                    "@type": "WebSite",
                    "@id": "https:\/\/alpenblickkreischberg.at\/hu\/#website",
                    "url": "https:\/\/alpenblickkreischberg.at\/hu\/",
                    "name": "Alpenblick Kreischberg",
                    "description": "Hotel a Kreischbergen Murau mellett",
                    "publisher": {
                        "@id": "https:\/\/alpenblickkreischberg.at\/hu\/#organization"
                    },
                    "potentialAction": [
                        {
                            "@type": "SearchAction",
                            "target": {
                                "@type": "EntryPoint",
                                "urlTemplate": "https:\/\/alpenblickkreischberg.at\/hu\/?s={search_term_string}"
                            },
                            "query-input": {
                                "@type": "PropertyValueSpecification",
                                "valueRequired": true,
                                "valueName": "search_term_string"
                            }
                        }
                    ],
                    "inLanguage": "hu"
                },
                {
                    "@type": "Organization",
                    "@id": "https:\/\/alpenblickkreischberg.at\/hu\/#organization",
                    "name": "Alpenblick Kreischberg",
                    "url": "https:\/\/alpenblickkreischberg.at\/hu\/",
                    "logo": {
                        "@type": "ImageObject",
                        "inLanguage": "hu",
                        "@id": "https:\/\/alpenblickkreischberg.at\/hu\/#\/schema\/logo\/image\/",
                        "url": "https:\/\/alpenblickkreischberg.at\/wp-content\/uploads\/2023\/06\/alpenblick-logo.png",
                        "contentUrl": "https:\/\/alpenblickkreischberg.at\/wp-content\/uploads\/2023\/06\/alpenblick-logo.png",
                        "width": 520,
                        "height": 212,
                        "caption": "Alpenblick Kreischberg"
                    },
                    "image": {
                        "@id": "https:\/\/alpenblickkreischberg.at\/hu\/#\/schema\/logo\/image\/"
                    }
                }
            ]
        }
    },
    "_links": {
        "self": [
            {
                "href": "https:\/\/alpenblickkreischberg.at\/hu\/wp-json\/wp\/v2\/pages\/677",
                "targetHints": {
                    "allow": [
                        "GET"
                    ]
                }
            }
        ],
        "collection": [
            {
                "href": "https:\/\/alpenblickkreischberg.at\/hu\/wp-json\/wp\/v2\/pages"
            }
        ],
        "about": [
            {
                "href": "https:\/\/alpenblickkreischberg.at\/hu\/wp-json\/wp\/v2\/types\/page"
            }
        ],
        "author": [
            {
                "embeddable": true,
                "href": "https:\/\/alpenblickkreischberg.at\/hu\/wp-json\/wp\/v2\/users\/4"
            }
        ],
        "replies": [
            {
                "embeddable": true,
                "href": "https:\/\/alpenblickkreischberg.at\/hu\/wp-json\/wp\/v2\/comments?post=677"
            }
        ],
        "version-history": [
            {
                "count": 5,
                "href": "https:\/\/alpenblickkreischberg.at\/hu\/wp-json\/wp\/v2\/pages\/677\/revisions"
            }
        ],
        "predecessor-version": [
            {
                "id": 2428,
                "href": "https:\/\/alpenblickkreischberg.at\/hu\/wp-json\/wp\/v2\/pages\/677\/revisions\/2428"
            }
        ],
        "wp:attachment": [
            {
                "href": "https:\/\/alpenblickkreischberg.at\/hu\/wp-json\/wp\/v2\/media?parent=677"
            }
        ],
        "curies": [
            {
                "name": "wp",
                "href": "https:\/\/api.w.org\/{rel}",
                "templated": true
            }
        ]
    }
}