{
    "id": 417,
    "date": "2023-06-13T09:59:57",
    "date_gmt": "2023-06-13T07:59:57",
    "guid": {
        "rendered": "http:\/\/alpenblickkreischberg.at\/?page_id=417"
    },
    "modified": "2025-12-15T19:16:12",
    "modified_gmt": "2025-12-15T18:16:12",
    "slug": "teli-sporttevekenysegek",
    "status": "publish",
    "type": "page",
    "link": "https:\/\/alpenblickkreischberg.at\/hu\/teli-sporttevekenysegek\/",
    "title": {
        "rendered": "T\u00e9li sporttev\u00e9kenys\u00e9gek"
    },
    "content": {
        "rendered": "<div data-elementor-type=\"wp-page\" data-elementor-id=\"417\" class=\"elementor elementor-417\" data-elementor-post-type=\"page\">\n\t\t\t\t<div class=\"elementor-element elementor-element-b47dcd2 e-con-full e-flex e-con e-parent\" data-id=\"b47dcd2\" data-element_type=\"container\" data-e-type=\"container\">\n\t\t\t\t<div class=\"elementor-element elementor-element-f4fe7fc elementor-widget elementor-widget-heading\" data-id=\"f4fe7fc\" data-element_type=\"widget\" data-e-type=\"widget\" data-widget_type=\"heading.default\">\n\t\t\t\t<div class=\"elementor-widget-container\">\n\t\t\t\t\t<h1 class=\"elementor-heading-title elementor-size-default\">T\u00e9li sporttev\u00e9kenys\u00e9gek<\/h1>\t\t\t\t<\/div>\n\t\t\t\t<\/div>\n\t\t\t\t<div class=\"elementor-element elementor-element-d5031bb elementor-widget-divider--view-line elementor-widget elementor-widget-divider\" data-id=\"d5031bb\" data-element_type=\"widget\" data-e-type=\"widget\" data-widget_type=\"divider.default\">\n\t\t\t\t<div class=\"elementor-widget-container\">\n\t\t\t\t\t\t\t<div class=\"elementor-divider\">\n\t\t\t<span class=\"elementor-divider-separator\">\n\t\t\t\t\t\t<\/span>\n\t\t<\/div>\n\t\t\t\t\t\t<\/div>\n\t\t\t\t<\/div>\n\t\t\t\t<\/div>\n\t\t<div class=\"elementor-element elementor-element-fc2a70e e-con-full e-flex e-con e-parent\" data-id=\"fc2a70e\" data-element_type=\"container\" data-e-type=\"container\">\n\t\t<div class=\"elementor-element elementor-element-fe2a074 e-con-full e-flex e-con e-child\" data-id=\"fe2a074\" data-element_type=\"container\" data-e-type=\"container\" data-settings=\"{&quot;background_background&quot;:&quot;classic&quot;}\">\n\t\t\t\t<div class=\"elementor-element elementor-element-be9c1f7 elementor-widget elementor-widget-heading\" data-id=\"be9c1f7\" data-element_type=\"widget\" data-e-type=\"widget\" data-widget_type=\"heading.default\">\n\t\t\t\t<div class=\"elementor-widget-container\">\n\t\t\t\t\t<h2 class=\"elementor-heading-title elementor-size-default\">S\u00edterep \u2013 Kreischberg\n<\/h2>\t\t\t\t<\/div>\n\t\t\t\t<\/div>\n\t\t\t\t<div class=\"elementor-element elementor-element-d5697fe elementor-widget elementor-widget-text-editor\" data-id=\"d5697fe\" data-element_type=\"widget\" data-e-type=\"widget\" data-widget_type=\"text-editor.default\">\n\t\t\t\t<div class=\"elementor-widget-container\">\n\t\t\t\t\t\t\t\t\t<p>S\u00edp\u00e1lya t\u00e9rk\u00e9p:<a href=\"http:\/\/www.kreischberg.at\"> www.kreischberg.at<\/a><\/p><p>H\u00f3biztos s\u00edel\u00e9s \u00e9s snowboardoz\u00e1s St\u00e1jerorsz\u00e1g sz\u00edv\u00e9ben. Sz\u00e1llod\u00e1nk 450m-re tal\u00e1lhat\u00f3 a kreischbergi felvon\u00f3kt\u00f3l. Ez a modern felvon\u00f3 1600 m\u00e9terr\u0151l 2050 m\u00e9terre viszi fel utasait. \u00cdgy a s\u00edel\u0151k a Bergstation-t\u00f3l m\u00e1r k\u00e9nyelmesen \u00e9s gyorsan \u00e9rhetik el Rosenkranz cs\u00facs\u00e1t vagy ak\u00e1r a Sixpack-et.<\/p><p>A kreischbergi s\u00edk\u00f6zpont igen kedvelt mind a s\u00edel\u0151k, mind a snowboardos vend\u00e9gek k\u00f6r\u00e9ben, mert decembert\u0151l m\u00e1rcius v\u00e9g\u00e9ig h\u00f3biztos s\u00edterepeken h\u00f3dolhatnak kedvenc t\u00e9li sportjaiknak, a minden ig\u00e9nyt kiel\u00e9g\u00edt\u0151, kiv\u00e1l\u00f3an karbantartott, 40 km hossz\u00fa s\u00edp\u00e1ly\u00e1kon.<\/p>\t\t\t\t\t\t\t\t<\/div>\n\t\t\t\t<\/div>\n\t\t\t\t<div class=\"elementor-element elementor-element-61285d3 elementor-widget elementor-widget-html\" data-id=\"61285d3\" data-element_type=\"widget\" data-e-type=\"widget\" data-widget_type=\"html.default\">\n\t\t\t\t<div class=\"elementor-widget-container\">\n\t\t\t\t\t<iframe id=\"widget\" width=\"300\" height=\"270\" src=\"https:\/\/www.wetter.at\/wetter\/oesterreich\/steiermark\/sankt-georgen-am-kreischberg\/widget\/w300\/color-weiss?utm_source=widget&amp;utm_medium=relaxmurau.at&amp;utm_content=http:\/\/alpenblickkreischberg.at\/hu\/elmenyek\/&amp;utm_campaign=Wetter%2BWidget\" frameborder=\"0\" scrolling=\"no\"><\/iframe>\t\t\t\t<\/div>\n\t\t\t\t<\/div>\n\t\t\t\t<div class=\"elementor-element elementor-element-af00bda elementor-widget elementor-widget-button\" data-id=\"af00bda\" data-element_type=\"widget\" data-e-type=\"widget\" data-widget_type=\"button.default\">\n\t\t\t\t<div class=\"elementor-widget-container\">\n\t\t\t\t\t\t\t\t\t<div class=\"elementor-button-wrapper\">\n\t\t\t\t\t<a class=\"elementor-button elementor-button-link elementor-size-sm elementor-animation-grow\" href=\"https:\/\/alpenblickkreischberg.at\/hu\/foglalas\/\">\n\t\t\t\t\t\t<span class=\"elementor-button-content-wrapper\">\n\t\t\t\t\t\t\t\t\t<span class=\"elementor-button-text\">Foglal\u00e1s<\/span>\n\t\t\t\t\t<\/span>\n\t\t\t\t\t<\/a>\n\t\t\t\t<\/div>\n\t\t\t\t\t\t\t\t<\/div>\n\t\t\t\t<\/div>\n\t\t\t\t<\/div>\n\t\t<div class=\"elementor-element elementor-element-2d086e3 e-con-full e-flex e-con e-child\" data-id=\"2d086e3\" data-element_type=\"container\" data-e-type=\"container\" data-settings=\"{&quot;background_background&quot;:&quot;classic&quot;}\">\n\t\t<div class=\"elementor-element elementor-element-ab27142 e-con-full e-flex e-con e-child\" data-id=\"ab27142\" data-element_type=\"container\" data-e-type=\"container\">\n\t\t<div class=\"elementor-element elementor-element-115dddb e-flex e-con-boxed e-con e-child\" data-id=\"115dddb\" data-element_type=\"container\" data-e-type=\"container\" data-settings=\"{&quot;background_background&quot;:&quot;classic&quot;}\">\n\t\t\t\t\t<div class=\"e-con-inner\">\n\t\t\t\t\t<\/div>\n\t\t\t\t<\/div>\n\t\t<div class=\"elementor-element elementor-element-3d0a872 elementor-hidden-tablet elementor-hidden-mobile e-flex e-con-boxed e-con e-child\" data-id=\"3d0a872\" data-element_type=\"container\" data-e-type=\"container\" data-settings=\"{&quot;background_background&quot;:&quot;classic&quot;}\">\n\t\t\t\t\t<div class=\"e-con-inner\">\n\t\t\t\t\t<\/div>\n\t\t\t\t<\/div>\n\t\t\t\t<\/div>\n\t\t<div class=\"elementor-element elementor-element-0a91787 e-con-full elementor-hidden-tablet elementor-hidden-mobile e-flex e-con e-child\" data-id=\"0a91787\" data-element_type=\"container\" data-e-type=\"container\">\n\t\t<div class=\"elementor-element elementor-element-b772a59 e-flex e-con-boxed e-con e-child\" data-id=\"b772a59\" data-element_type=\"container\" data-e-type=\"container\" data-settings=\"{&quot;background_background&quot;:&quot;classic&quot;}\">\n\t\t\t\t\t<div class=\"e-con-inner\">\n\t\t\t\t\t<\/div>\n\t\t\t\t<\/div>\n\t\t<div class=\"elementor-element elementor-element-9ef8ea4 e-flex e-con-boxed e-con e-child\" data-id=\"9ef8ea4\" data-element_type=\"container\" data-e-type=\"container\" data-settings=\"{&quot;background_background&quot;:&quot;classic&quot;}\">\n\t\t\t\t\t<div class=\"e-con-inner\">\n\t\t\t\t\t<\/div>\n\t\t\t\t<\/div>\n\t\t\t\t<\/div>\n\t\t\t\t<\/div>\n\t\t\t\t<\/div>\n\t\t<div class=\"elementor-element elementor-element-edd5ecf e-con-full e-flex e-con e-parent\" data-id=\"edd5ecf\" data-element_type=\"container\" data-e-type=\"container\">\n\t\t\t\t<div class=\"elementor-element elementor-element-223d5b5 elementor-widget-divider--view-line elementor-widget elementor-widget-divider\" data-id=\"223d5b5\" data-element_type=\"widget\" data-e-type=\"widget\" data-widget_type=\"divider.default\">\n\t\t\t\t<div class=\"elementor-widget-container\">\n\t\t\t\t\t\t\t<div class=\"elementor-divider\">\n\t\t\t<span class=\"elementor-divider-separator\">\n\t\t\t\t\t\t<\/span>\n\t\t<\/div>\n\t\t\t\t\t\t<\/div>\n\t\t\t\t<\/div>\n\t\t\t\t<\/div>\n\t\t<div class=\"elementor-element elementor-element-ad4fdb2 e-flex e-con-boxed e-con e-parent\" data-id=\"ad4fdb2\" data-element_type=\"container\" data-e-type=\"container\">\n\t\t\t\t\t<div class=\"e-con-inner\">\n\t\t<div class=\"elementor-element elementor-element-58f064d e-con-full e-flex e-con e-child\" data-id=\"58f064d\" data-element_type=\"container\" data-e-type=\"container\" data-settings=\"{&quot;background_background&quot;:&quot;classic&quot;}\">\n\t\t\t\t<div class=\"elementor-element elementor-element-02eddf9 elementor-widget elementor-widget-image\" data-id=\"02eddf9\" data-element_type=\"widget\" data-e-type=\"widget\" data-widget_type=\"image.default\">\n\t\t\t\t<div class=\"elementor-widget-container\">\n\t\t\t\t\t\t\t\t\t\t\t\t\t\t\t<img fetchpriority=\"high\" decoding=\"async\" width=\"700\" height=\"987\" src=\"https:\/\/alpenblickkreischberg.at\/wp-content\/uploads\/2025\/12\/20-Prozent-bei-Sport-Suli-2025_26dec.jpg\" class=\"attachment-medium_large size-medium_large wp-image-3779\" alt=\"\" srcset=\"https:\/\/alpenblickkreischberg.at\/wp-content\/uploads\/2025\/12\/20-Prozent-bei-Sport-Suli-2025_26dec.jpg 700w, https:\/\/alpenblickkreischberg.at\/wp-content\/uploads\/2025\/12\/20-Prozent-bei-Sport-Suli-2025_26dec-213x300.jpg 213w, https:\/\/alpenblickkreischberg.at\/wp-content\/uploads\/2025\/12\/20-Prozent-bei-Sport-Suli-2025_26dec-9x12.jpg 9w\" sizes=\"(max-width: 700px) 100vw, 700px\" \/>\t\t\t\t\t\t\t\t\t\t\t\t\t\t\t<\/div>\n\t\t\t\t<\/div>\n\t\t\t\t<\/div>\n\t\t<div class=\"elementor-element elementor-element-d5d37a4 e-con-full e-flex e-con e-child\" data-id=\"d5d37a4\" data-element_type=\"container\" data-e-type=\"container\" data-settings=\"{&quot;background_background&quot;:&quot;classic&quot;}\">\n\t\t\t\t<div class=\"elementor-element elementor-element-7bc4afe elementor-widget elementor-widget-heading\" data-id=\"7bc4afe\" data-element_type=\"widget\" data-e-type=\"widget\" data-widget_type=\"heading.default\">\n\t\t\t\t<div class=\"elementor-widget-container\">\n\t\t\t\t\t<h2 class=\"elementor-heading-title elementor-size-default\">K\u00f6lcs\u00f6nz\u00e9s<\/h2>\t\t\t\t<\/div>\n\t\t\t\t<\/div>\n\t\t\t\t<div class=\"elementor-element elementor-element-5b5131e elementor-widget elementor-widget-text-editor\" data-id=\"5b5131e\" data-element_type=\"widget\" data-e-type=\"widget\" data-widget_type=\"text-editor.default\">\n\t\t\t\t<div class=\"elementor-widget-container\">\n\t\t\t\t\t\t\t\t\t<p>Sz\u00e1llod\u00e1nk szomsz\u00e9ds\u00e1g\u00e1ban s\u00ed- \u00e9s snowboard k\u00f6lcs\u00f6nz\u0151 \u00fczemel.<br \/>A k\u00f6lcs\u00f6nz\u0151 munkat\u00e1rsai sz\u00e9les m\u00e9retv\u00e1laszt\u00e9kkal \u00e9s k\u00edn\u00e1lattal v\u00e1rj\u00e1k a s\u00edel\u0151ket. Sz\u00e1llod\u00e1nkban a s\u00edfelszerel\u00e9sek t\u00e1rol\u00e1s\u00e1ra s\u00edt\u00e1rol\u00f3 helys\u00e9gben van lehet\u0151s\u00e9g.<\/p><p>K\u00f6lcs\u00f6nz\u00e9sr\u0151l b\u0151vebben:\u00a0<br \/><a href=\"http:\/\/www.suli.at\">www.suli.at<\/a><br \/><a href=\"http:\/\/www.sport2000rent.com\/en\/skirental\/dealer\/sport-suli\">www.sport2000rent.com<\/a><\/p>\t\t\t\t\t\t\t\t<\/div>\n\t\t\t\t<\/div>\n\t\t\t\t<\/div>\n\t\t\t\t\t<\/div>\n\t\t\t\t<\/div>\n\t\t<div class=\"elementor-element elementor-element-6afdda0 e-flex e-con-boxed e-con e-parent\" data-id=\"6afdda0\" data-element_type=\"container\" data-e-type=\"container\">\n\t\t\t\t\t<div class=\"e-con-inner\">\n\t\t<div class=\"elementor-element elementor-element-7b4371c e-con-full e-flex e-con e-child\" data-id=\"7b4371c\" data-element_type=\"container\" data-e-type=\"container\" data-settings=\"{&quot;background_background&quot;:&quot;classic&quot;}\">\n\t\t\t\t<div class=\"elementor-element elementor-element-003a733 elementor-widget elementor-widget-image\" data-id=\"003a733\" data-element_type=\"widget\" data-e-type=\"widget\" data-widget_type=\"image.default\">\n\t\t\t\t<div class=\"elementor-widget-container\">\n\t\t\t\t\t\t\t\t\t\t\t\t\t\t\t<img decoding=\"async\" width=\"640\" height=\"330\" src=\"https:\/\/alpenblickkreischberg.at\/wp-content\/uploads\/2023\/08\/Richis-skischule-logo-1.jpg\" class=\"attachment-medium_large size-medium_large wp-image-2380\" alt=\"\" srcset=\"https:\/\/alpenblickkreischberg.at\/wp-content\/uploads\/2023\/08\/Richis-skischule-logo-1.jpg 640w, https:\/\/alpenblickkreischberg.at\/wp-content\/uploads\/2023\/08\/Richis-skischule-logo-1-300x155.jpg 300w, https:\/\/alpenblickkreischberg.at\/wp-content\/uploads\/2023\/08\/Richis-skischule-logo-1-18x9.jpg 18w\" sizes=\"(max-width: 640px) 100vw, 640px\" \/>\t\t\t\t\t\t\t\t\t\t\t\t\t\t\t<\/div>\n\t\t\t\t<\/div>\n\t\t\t\t<\/div>\n\t\t<div class=\"elementor-element elementor-element-3751204 e-con-full e-flex e-con e-child\" data-id=\"3751204\" data-element_type=\"container\" data-e-type=\"container\" data-settings=\"{&quot;background_background&quot;:&quot;classic&quot;}\">\n\t\t\t\t<div class=\"elementor-element elementor-element-56e13e3 elementor-widget elementor-widget-heading\" data-id=\"56e13e3\" data-element_type=\"widget\" data-e-type=\"widget\" data-widget_type=\"heading.default\">\n\t\t\t\t<div class=\"elementor-widget-container\">\n\t\t\t\t\t<h2 class=\"elementor-heading-title elementor-size-default\">S\u00ediskola Murau<\/h2>\t\t\t\t<\/div>\n\t\t\t\t<\/div>\n\t\t\t\t<div class=\"elementor-element elementor-element-148ceee elementor-widget elementor-widget-text-editor\" data-id=\"148ceee\" data-element_type=\"widget\" data-e-type=\"widget\" data-widget_type=\"text-editor.default\">\n\t\t\t\t<div class=\"elementor-widget-container\">\n\t\t\t\t\t\t\t\t\t<p>A Hotel Alpenblick magyarul is besz\u00e9l\u0151, szakmailag elismert oktat\u00f3in\u00e1l magabiztosan elsaj\u00e1t\u00edthat\u00f3 a s\u00edel\u00e9s \u00f6sszes kifinomult eleme. Partner\u00fcnk a s\u00edoktat\u00e1sban a Richi\u2019s Schischule , melynek oktat\u00f3g\u00e1rd\u00e1ja m\u00e1r hossz\u00fa \u00e9vek \u00f3ta sikeresen m\u0171k\u00f6dik a kreischbergi havasokban. Sz\u00e1llod\u00e1nk oktat\u00f3i is a Richi\u2019s s\u00ediskola k\u00f6tel\u00e9k\u00e9be tartoznak.<\/p><p>Foglal\u00e1s az oktat\u00e1sra az al\u00e1bbi linken lehets\u00e9ges: <a href=\"http:\/\/www.outdoorcenter-skischool.at\/\" target=\"_blank\" rel=\"noopener\">http:\/\/www.outdoorcenter-skischool.at\/<\/a><\/p>\t\t\t\t\t\t\t\t<\/div>\n\t\t\t\t<\/div>\n\t\t\t\t<\/div>\n\t\t\t\t\t<\/div>\n\t\t\t\t<\/div>\n\t\t<div class=\"elementor-element elementor-element-d31af9c e-flex e-con-boxed e-con e-parent\" data-id=\"d31af9c\" data-element_type=\"container\" data-e-type=\"container\">\n\t\t\t\t\t<div class=\"e-con-inner\">\n\t\t<div class=\"elementor-element elementor-element-5ced753 e-con-full e-flex e-con e-child\" data-id=\"5ced753\" data-element_type=\"container\" data-e-type=\"container\" data-settings=\"{&quot;background_background&quot;:&quot;classic&quot;}\">\n\t\t\t\t<div class=\"elementor-element elementor-element-b8816b9 elementor-widget elementor-widget-image\" data-id=\"b8816b9\" data-element_type=\"widget\" data-e-type=\"widget\" data-widget_type=\"image.default\">\n\t\t\t\t<div class=\"elementor-widget-container\">\n\t\t\t\t\t\t\t\t\t\t\t\t\t\t\t<img decoding=\"async\" width=\"768\" height=\"768\" src=\"https:\/\/alpenblickkreischberg.at\/wp-content\/uploads\/2023\/06\/relax-kreischberg1-768x768.jpg\" class=\"attachment-medium_large size-medium_large wp-image-220\" alt=\"\" srcset=\"https:\/\/alpenblickkreischberg.at\/wp-content\/uploads\/2023\/06\/relax-kreischberg1-768x768.jpg 768w, https:\/\/alpenblickkreischberg.at\/wp-content\/uploads\/2023\/06\/relax-kreischberg1-300x300.jpg 300w, https:\/\/alpenblickkreischberg.at\/wp-content\/uploads\/2023\/06\/relax-kreischberg1-150x150.jpg 150w, https:\/\/alpenblickkreischberg.at\/wp-content\/uploads\/2023\/06\/relax-kreischberg1.jpg 1000w\" sizes=\"(max-width: 768px) 100vw, 768px\" \/>\t\t\t\t\t\t\t\t\t\t\t\t\t\t\t<\/div>\n\t\t\t\t<\/div>\n\t\t\t\t<\/div>\n\t\t<div class=\"elementor-element elementor-element-8237221 e-con-full e-flex e-con e-child\" data-id=\"8237221\" data-element_type=\"container\" data-e-type=\"container\" data-settings=\"{&quot;background_background&quot;:&quot;classic&quot;}\">\n\t\t\t\t<div class=\"elementor-element elementor-element-8e3822a elementor-widget elementor-widget-heading\" data-id=\"8e3822a\" data-element_type=\"widget\" data-e-type=\"widget\" data-widget_type=\"heading.default\">\n\t\t\t\t<div class=\"elementor-widget-container\">\n\t\t\t\t\t<h2 class=\"elementor-heading-title elementor-size-default\">A s\u00edel\u00e9sen t\u00fal:<\/h2>\t\t\t\t<\/div>\n\t\t\t\t<\/div>\n\t\t\t\t<div class=\"elementor-element elementor-element-4389569 elementor-widget elementor-widget-text-editor\" data-id=\"4389569\" data-element_type=\"widget\" data-e-type=\"widget\" data-widget_type=\"text-editor.default\">\n\t\t\t\t<div class=\"elementor-widget-container\">\n\t\t\t\t\t\t\t\t\t<p>A s\u00edel\u00e9s \u00e9s snowboardoz\u00e1s mellett sz\u00e1mos egy\u00e9b lehet\u0151s\u00e9g adott a hegyen \u00e9s a k\u00f6rny\u00e9ken a t\u00e9li kikapcsol\u00f3d\u00e1sra: Tubing, sz\u00e1nk\u00f3z\u00e1s, s\u00edfut\u00e1s, h\u00f3talpas kir\u00e1ndul\u00e1s stb.<\/p><p>Tov\u00e1bbi inform\u00e1ci\u00f3t a helyi turizmus iroda honlapj\u00e1n tal\u00e1lhat: <br \/><a href=\"https:\/\/www.murau-kreischberg.at\/hu\/szabadido\/tel\" target=\"_blank\" rel=\"noopener\">https:\/\/www.kreischberg.at\/hu\/hegyi-elmenyek\/tavol-a-lejtoktol<\/a><\/p>\t\t\t\t\t\t\t\t<\/div>\n\t\t\t\t<\/div>\n\t\t\t\t<\/div>\n\t\t\t\t\t<\/div>\n\t\t\t\t<\/div>\n\t\t\t\t<\/div>",
        "protected": false
    },
    "excerpt": {
        "rendered": "<p>S\u00edterep \u2013 Kreischberg S\u00edp\u00e1lya t\u00e9rk\u00e9p: www.kreischberg.at H\u00f3biztos s\u00edel\u00e9s \u00e9s snowboardoz\u00e1s St\u00e1jerorsz\u00e1g sz\u00edv\u00e9ben. Sz\u00e1llod\u00e1nk 450m-re tal\u00e1lhat\u00f3 a kreischbergi felvon\u00f3kt\u00f3l. Ez a modern felvon\u00f3 1600 m\u00e9terr\u0151l 2050 m\u00e9terre viszi fel utasait. \u00cdgy a s\u00edel\u0151k a Bergstation-t\u00f3l m\u00e1r k\u00e9nyelmesen \u00e9s gyorsan \u00e9rhetik el Rosenkranz cs\u00facs\u00e1t vagy ak\u00e1r a Sixpack-et. A kreischbergi s\u00edk\u00f6zpont igen kedvelt mind a s\u00edel\u0151k, mind [&hellip;]<\/p>",
        "protected": false
    },
    "author": 4,
    "featured_media": 0,
    "parent": 0,
    "menu_order": 0,
    "comment_status": "closed",
    "ping_status": "closed",
    "template": "",
    "meta": {
        "footnotes": ""
    },
    "class_list": [
        "post-417",
        "page",
        "type-page",
        "status-publish",
        "hentry"
    ],
    "yoast_head": "<!-- This site is optimized with the Yoast SEO plugin v27.4 - https:\/\/yoast.com\/product\/yoast-seo-wordpress\/ -->\n<title>T\u00e9li sporttev\u00e9kenys\u00e9gek - Alpenblick Kreischberg<\/title>\n<meta name=\"robots\" content=\"index, follow, max-snippet:-1, max-image-preview:large, max-video-preview:-1\" \/>\n<link rel=\"canonical\" href=\"https:\/\/alpenblickkreischberg.at\/hu\/teli-sporttevekenysegek\/\" \/>\n<meta property=\"og:locale\" content=\"hu_HU\" \/>\n<meta property=\"og:type\" content=\"article\" \/>\n<meta property=\"og:title\" content=\"T\u00e9li sporttev\u00e9kenys\u00e9gek - Alpenblick Kreischberg\" \/>\n<meta property=\"og:description\" content=\"S\u00edterep \u2013 Kreischberg S\u00edp\u00e1lya t\u00e9rk\u00e9p: www.kreischberg.at H\u00f3biztos s\u00edel\u00e9s \u00e9s snowboardoz\u00e1s St\u00e1jerorsz\u00e1g sz\u00edv\u00e9ben. Sz\u00e1llod\u00e1nk 450m-re tal\u00e1lhat\u00f3 a kreischbergi felvon\u00f3kt\u00f3l. Ez a modern felvon\u00f3 1600 m\u00e9terr\u0151l 2050 m\u00e9terre viszi fel utasait. \u00cdgy a s\u00edel\u0151k a Bergstation-t\u00f3l m\u00e1r k\u00e9nyelmesen \u00e9s gyorsan \u00e9rhetik el Rosenkranz cs\u00facs\u00e1t vagy ak\u00e1r a Sixpack-et. A kreischbergi s\u00edk\u00f6zpont igen kedvelt mind a s\u00edel\u0151k, mind [&hellip;]\" \/>\n<meta property=\"og:url\" content=\"https:\/\/alpenblickkreischberg.at\/hu\/teli-sporttevekenysegek\/\" \/>\n<meta property=\"og:site_name\" content=\"Alpenblick Kreischberg\" \/>\n<meta property=\"article:modified_time\" content=\"2025-12-15T18:16:12+00:00\" \/>\n<meta property=\"og:image\" content=\"https:\/\/alpenblickkreischberg.at\/wp-content\/uploads\/2025\/12\/20-Prozent-bei-Sport-Suli-2025_26dec.jpg\" \/>\n\t<meta property=\"og:image:width\" content=\"700\" \/>\n\t<meta property=\"og:image:height\" content=\"987\" \/>\n\t<meta property=\"og:image:type\" content=\"image\/jpeg\" \/>\n<meta name=\"twitter:card\" content=\"summary_large_image\" \/>\n<meta name=\"twitter:label1\" content=\"Becs\u00fclt olvas\u00e1si id\u0151\" \/>\n\t<meta name=\"twitter:data1\" content=\"2 perc\" \/>\n<script type=\"application\/ld+json\" class=\"yoast-schema-graph\">{\"@context\":\"https:\\\/\\\/schema.org\",\"@graph\":[{\"@type\":\"WebPage\",\"@id\":\"https:\\\/\\\/alpenblickkreischberg.at\\\/teli-sporttevekenysegek\\\/\",\"url\":\"https:\\\/\\\/alpenblickkreischberg.at\\\/teli-sporttevekenysegek\\\/\",\"name\":\"T\u00e9li sporttev\u00e9kenys\u00e9gek - Alpenblick Kreischberg\",\"isPartOf\":{\"@id\":\"https:\\\/\\\/alpenblickkreischberg.at\\\/hu\\\/#website\"},\"primaryImageOfPage\":{\"@id\":\"https:\\\/\\\/alpenblickkreischberg.at\\\/teli-sporttevekenysegek\\\/#primaryimage\"},\"image\":{\"@id\":\"https:\\\/\\\/alpenblickkreischberg.at\\\/teli-sporttevekenysegek\\\/#primaryimage\"},\"thumbnailUrl\":\"https:\\\/\\\/alpenblickkreischberg.at\\\/wp-content\\\/uploads\\\/2025\\\/12\\\/20-Prozent-bei-Sport-Suli-2025_26dec.jpg\",\"datePublished\":\"2023-06-13T07:59:57+00:00\",\"dateModified\":\"2025-12-15T18:16:12+00:00\",\"breadcrumb\":{\"@id\":\"https:\\\/\\\/alpenblickkreischberg.at\\\/teli-sporttevekenysegek\\\/#breadcrumb\"},\"inLanguage\":\"hu\",\"potentialAction\":[{\"@type\":\"ReadAction\",\"target\":[\"https:\\\/\\\/alpenblickkreischberg.at\\\/teli-sporttevekenysegek\\\/\"]}]},{\"@type\":\"ImageObject\",\"inLanguage\":\"hu\",\"@id\":\"https:\\\/\\\/alpenblickkreischberg.at\\\/teli-sporttevekenysegek\\\/#primaryimage\",\"url\":\"https:\\\/\\\/alpenblickkreischberg.at\\\/wp-content\\\/uploads\\\/2025\\\/12\\\/20-Prozent-bei-Sport-Suli-2025_26dec.jpg\",\"contentUrl\":\"https:\\\/\\\/alpenblickkreischberg.at\\\/wp-content\\\/uploads\\\/2025\\\/12\\\/20-Prozent-bei-Sport-Suli-2025_26dec.jpg\"},{\"@type\":\"BreadcrumbList\",\"@id\":\"https:\\\/\\\/alpenblickkreischberg.at\\\/teli-sporttevekenysegek\\\/#breadcrumb\",\"itemListElement\":[{\"@type\":\"ListItem\",\"position\":1,\"name\":\"Kezd\u0151lap\",\"item\":\"https:\\\/\\\/alpenblickkreischberg.at\\\/\"},{\"@type\":\"ListItem\",\"position\":2,\"name\":\"T\u00e9li sporttev\u00e9kenys\u00e9gek\"}]},{\"@type\":\"WebSite\",\"@id\":\"https:\\\/\\\/alpenblickkreischberg.at\\\/hu\\\/#website\",\"url\":\"https:\\\/\\\/alpenblickkreischberg.at\\\/hu\\\/\",\"name\":\"Alpenblick Kreischberg\",\"description\":\"Hotel a Kreischbergen Murau mellett\",\"publisher\":{\"@id\":\"https:\\\/\\\/alpenblickkreischberg.at\\\/hu\\\/#organization\"},\"potentialAction\":[{\"@type\":\"SearchAction\",\"target\":{\"@type\":\"EntryPoint\",\"urlTemplate\":\"https:\\\/\\\/alpenblickkreischberg.at\\\/hu\\\/?s={search_term_string}\"},\"query-input\":{\"@type\":\"PropertyValueSpecification\",\"valueRequired\":true,\"valueName\":\"search_term_string\"}}],\"inLanguage\":\"hu\"},{\"@type\":\"Organization\",\"@id\":\"https:\\\/\\\/alpenblickkreischberg.at\\\/hu\\\/#organization\",\"name\":\"Alpenblick Kreischberg\",\"url\":\"https:\\\/\\\/alpenblickkreischberg.at\\\/hu\\\/\",\"logo\":{\"@type\":\"ImageObject\",\"inLanguage\":\"hu\",\"@id\":\"https:\\\/\\\/alpenblickkreischberg.at\\\/hu\\\/#\\\/schema\\\/logo\\\/image\\\/\",\"url\":\"https:\\\/\\\/alpenblickkreischberg.at\\\/wp-content\\\/uploads\\\/2023\\\/06\\\/alpenblick-logo.png\",\"contentUrl\":\"https:\\\/\\\/alpenblickkreischberg.at\\\/wp-content\\\/uploads\\\/2023\\\/06\\\/alpenblick-logo.png\",\"width\":520,\"height\":212,\"caption\":\"Alpenblick Kreischberg\"},\"image\":{\"@id\":\"https:\\\/\\\/alpenblickkreischberg.at\\\/hu\\\/#\\\/schema\\\/logo\\\/image\\\/\"}}]}<\/script>\n<!-- \/ Yoast SEO plugin. -->",
    "yoast_head_json": {
        "title": "T\u00e9li sporttev\u00e9kenys\u00e9gek - Alpenblick Kreischberg",
        "robots": {
            "index": "index",
            "follow": "follow",
            "max-snippet": "max-snippet:-1",
            "max-image-preview": "max-image-preview:large",
            "max-video-preview": "max-video-preview:-1"
        },
        "canonical": "https:\/\/alpenblickkreischberg.at\/hu\/teli-sporttevekenysegek\/",
        "og_locale": "hu_HU",
        "og_type": "article",
        "og_title": "T\u00e9li sporttev\u00e9kenys\u00e9gek - Alpenblick Kreischberg",
        "og_description": "S\u00edterep \u2013 Kreischberg S\u00edp\u00e1lya t\u00e9rk\u00e9p: www.kreischberg.at H\u00f3biztos s\u00edel\u00e9s \u00e9s snowboardoz\u00e1s St\u00e1jerorsz\u00e1g sz\u00edv\u00e9ben. Sz\u00e1llod\u00e1nk 450m-re tal\u00e1lhat\u00f3 a kreischbergi felvon\u00f3kt\u00f3l. Ez a modern felvon\u00f3 1600 m\u00e9terr\u0151l 2050 m\u00e9terre viszi fel utasait. \u00cdgy a s\u00edel\u0151k a Bergstation-t\u00f3l m\u00e1r k\u00e9nyelmesen \u00e9s gyorsan \u00e9rhetik el Rosenkranz cs\u00facs\u00e1t vagy ak\u00e1r a Sixpack-et. A kreischbergi s\u00edk\u00f6zpont igen kedvelt mind a s\u00edel\u0151k, mind [&hellip;]",
        "og_url": "https:\/\/alpenblickkreischberg.at\/hu\/teli-sporttevekenysegek\/",
        "og_site_name": "Alpenblick Kreischberg",
        "article_modified_time": "2025-12-15T18:16:12+00:00",
        "og_image": [
            {
                "width": 700,
                "height": 987,
                "url": "https:\/\/alpenblickkreischberg.at\/wp-content\/uploads\/2025\/12\/20-Prozent-bei-Sport-Suli-2025_26dec.jpg",
                "type": "image\/jpeg"
            }
        ],
        "twitter_card": "summary_large_image",
        "twitter_misc": {
            "Becs\u00fclt olvas\u00e1si id\u0151": "2 perc"
        },
        "schema": {
            "@context": "https:\/\/schema.org",
            "@graph": [
                {
                    "@type": "WebPage",
                    "@id": "https:\/\/alpenblickkreischberg.at\/teli-sporttevekenysegek\/",
                    "url": "https:\/\/alpenblickkreischberg.at\/teli-sporttevekenysegek\/",
                    "name": "T\u00e9li sporttev\u00e9kenys\u00e9gek - Alpenblick Kreischberg",
                    "isPartOf": {
                        "@id": "https:\/\/alpenblickkreischberg.at\/hu\/#website"
                    },
                    "primaryImageOfPage": {
                        "@id": "https:\/\/alpenblickkreischberg.at\/teli-sporttevekenysegek\/#primaryimage"
                    },
                    "image": {
                        "@id": "https:\/\/alpenblickkreischberg.at\/teli-sporttevekenysegek\/#primaryimage"
                    },
                    "thumbnailUrl": "https:\/\/alpenblickkreischberg.at\/wp-content\/uploads\/2025\/12\/20-Prozent-bei-Sport-Suli-2025_26dec.jpg",
                    "datePublished": "2023-06-13T07:59:57+00:00",
                    "dateModified": "2025-12-15T18:16:12+00:00",
                    "breadcrumb": {
                        "@id": "https:\/\/alpenblickkreischberg.at\/teli-sporttevekenysegek\/#breadcrumb"
                    },
                    "inLanguage": "hu",
                    "potentialAction": [
                        {
                            "@type": "ReadAction",
                            "target": [
                                "https:\/\/alpenblickkreischberg.at\/teli-sporttevekenysegek\/"
                            ]
                        }
                    ]
                },
                {
                    "@type": "ImageObject",
                    "inLanguage": "hu",
                    "@id": "https:\/\/alpenblickkreischberg.at\/teli-sporttevekenysegek\/#primaryimage",
                    "url": "https:\/\/alpenblickkreischberg.at\/wp-content\/uploads\/2025\/12\/20-Prozent-bei-Sport-Suli-2025_26dec.jpg",
                    "contentUrl": "https:\/\/alpenblickkreischberg.at\/wp-content\/uploads\/2025\/12\/20-Prozent-bei-Sport-Suli-2025_26dec.jpg"
                },
                {
                    "@type": "BreadcrumbList",
                    "@id": "https:\/\/alpenblickkreischberg.at\/teli-sporttevekenysegek\/#breadcrumb",
                    "itemListElement": [
                        {
                            "@type": "ListItem",
                            "position": 1,
                            "name": "Kezd\u0151lap",
                            "item": "https:\/\/alpenblickkreischberg.at\/"
                        },
                        {
                            "@type": "ListItem",
                            "position": 2,
                            "name": "T\u00e9li sporttev\u00e9kenys\u00e9gek"
                        }
                    ]
                },
                {
                    "@type": "WebSite",
                    "@id": "https:\/\/alpenblickkreischberg.at\/hu\/#website",
                    "url": "https:\/\/alpenblickkreischberg.at\/hu\/",
                    "name": "Alpenblick Kreischberg",
                    "description": "Hotel a Kreischbergen Murau mellett",
                    "publisher": {
                        "@id": "https:\/\/alpenblickkreischberg.at\/hu\/#organization"
                    },
                    "potentialAction": [
                        {
                            "@type": "SearchAction",
                            "target": {
                                "@type": "EntryPoint",
                                "urlTemplate": "https:\/\/alpenblickkreischberg.at\/hu\/?s={search_term_string}"
                            },
                            "query-input": {
                                "@type": "PropertyValueSpecification",
                                "valueRequired": true,
                                "valueName": "search_term_string"
                            }
                        }
                    ],
                    "inLanguage": "hu"
                },
                {
                    "@type": "Organization",
                    "@id": "https:\/\/alpenblickkreischberg.at\/hu\/#organization",
                    "name": "Alpenblick Kreischberg",
                    "url": "https:\/\/alpenblickkreischberg.at\/hu\/",
                    "logo": {
                        "@type": "ImageObject",
                        "inLanguage": "hu",
                        "@id": "https:\/\/alpenblickkreischberg.at\/hu\/#\/schema\/logo\/image\/",
                        "url": "https:\/\/alpenblickkreischberg.at\/wp-content\/uploads\/2023\/06\/alpenblick-logo.png",
                        "contentUrl": "https:\/\/alpenblickkreischberg.at\/wp-content\/uploads\/2023\/06\/alpenblick-logo.png",
                        "width": 520,
                        "height": 212,
                        "caption": "Alpenblick Kreischberg"
                    },
                    "image": {
                        "@id": "https:\/\/alpenblickkreischberg.at\/hu\/#\/schema\/logo\/image\/"
                    }
                }
            ]
        }
    },
    "_links": {
        "self": [
            {
                "href": "https:\/\/alpenblickkreischberg.at\/hu\/wp-json\/wp\/v2\/pages\/417",
                "targetHints": {
                    "allow": [
                        "GET"
                    ]
                }
            }
        ],
        "collection": [
            {
                "href": "https:\/\/alpenblickkreischberg.at\/hu\/wp-json\/wp\/v2\/pages"
            }
        ],
        "about": [
            {
                "href": "https:\/\/alpenblickkreischberg.at\/hu\/wp-json\/wp\/v2\/types\/page"
            }
        ],
        "author": [
            {
                "embeddable": true,
                "href": "https:\/\/alpenblickkreischberg.at\/hu\/wp-json\/wp\/v2\/users\/4"
            }
        ],
        "replies": [
            {
                "embeddable": true,
                "href": "https:\/\/alpenblickkreischberg.at\/hu\/wp-json\/wp\/v2\/comments?post=417"
            }
        ],
        "version-history": [
            {
                "count": 11,
                "href": "https:\/\/alpenblickkreischberg.at\/hu\/wp-json\/wp\/v2\/pages\/417\/revisions"
            }
        ],
        "predecessor-version": [
            {
                "id": 3782,
                "href": "https:\/\/alpenblickkreischberg.at\/hu\/wp-json\/wp\/v2\/pages\/417\/revisions\/3782"
            }
        ],
        "wp:attachment": [
            {
                "href": "https:\/\/alpenblickkreischberg.at\/hu\/wp-json\/wp\/v2\/media?parent=417"
            }
        ],
        "curies": [
            {
                "name": "wp",
                "href": "https:\/\/api.w.org\/{rel}",
                "templated": true
            }
        ]
    }
}