{"id":2841,"date":"2024-02-02T13:39:55","date_gmt":"2024-02-02T12:39:55","guid":{"rendered":"http:\/\/alpenblickkreischberg.at\/?p=2841"},"modified":"2024-02-07T17:18:08","modified_gmt":"2024-02-07T16:18:08","slug":"eagle-etterem-kreischberg-tetejen","status":"publish","type":"post","link":"https:\/\/alpenblickkreischberg.at\/en\/eagle-etterem-kreischberg-tetejen\/","title":{"rendered":"Eagle \u2013 \u00c9tterem Kreischberg tetej\u00e9n"},"content":{"rendered":"<div data-elementor-type=\"wp-post\" data-elementor-id=\"2841\" class=\"elementor elementor-2841\" data-elementor-post-type=\"post\">\n\t\t\t\t\t\t<section class=\"elementor-section elementor-top-section elementor-element elementor-element-50be5e03 elementor-section-boxed elementor-section-height-default elementor-section-height-default\" data-id=\"50be5e03\" data-element_type=\"section\" data-e-type=\"section\">\n\t\t\t\t\t\t<div class=\"elementor-container elementor-column-gap-default\">\n\t\t\t\t\t<div class=\"elementor-column elementor-col-100 elementor-top-column elementor-element elementor-element-67bae9de\" data-id=\"67bae9de\" data-element_type=\"column\" data-e-type=\"column\">\n\t\t\t<div class=\"elementor-widget-wrap elementor-element-populated\">\n\t\t\t\t\t\t<div class=\"elementor-element elementor-element-4c878856 elementor-widget elementor-widget-text-editor\" data-id=\"4c878856\" data-element_type=\"widget\" data-e-type=\"widget\" data-widget_type=\"text-editor.default\">\n\t\t\t\t<div class=\"elementor-widget-container\">\n\t\t\t\t\t\t\t\t\t\n<p>A s\u00edel\u00e9s miatt minden \u00e9vben v\u00e1rjuk a telet, mindenki kedvenc t\u00e9li sportja &#8211; h\u00f3f\u00f6dte hegycs\u00facsok, krist\u00e1lytiszta leveg\u0151 \u00e9s akt\u00edv kikapcsol\u00f3d\u00e1s. Azonban ne feledkezz\u00fcnk meg<br \/>r\u00f3la, hogy komoly fizikai kih\u00edv\u00e1st jelent az eg\u00e9sz napos s\u00edel\u00e9s, \u00edgy egy t\u00f6bb napos utaz\u00e1s alatt \u00e9rdemes a megfelel\u0151 pihen\u0151helyeket is kiv\u00e1lasztani.<\/p>\n<p><strong>Az utaz\u00e1s, ami nem csak a s\u00edel\u00e9sr\u0151l sz\u00f3l<\/strong><\/p>\n<p>Az Eagle \u00e9tterem 2000 m\u00e9ter magasan helyezkedik el, \u00e9s leny\u0171g\u00f6z\u0151 panor\u00e1m\u00e1t k\u00edn\u00e1l Murau vid\u00e9k\u00e9re. Ilyen t\u00e1vlatb\u00f3l csod\u00e1lni az alattunk elter\u00fcl\u0151 s\u00edp\u00e1ly\u00e1t, \u00e9s a minket k\u00f6r\u00fclvev\u0151 havas hegycs\u00facsokat garant\u00e1ltan felejthetetlen \u00e9lm\u00e9nyt ny\u00fajt. A fagyos t\u00e9li nappalokon testet-lelket melenget\u0151 levesekkel, \u00edzletes f\u0151fog\u00e1sokkal, \u00e9s osztr\u00e1k klasszikusokkal v\u00e1r minket a krist\u00e1ly alak\u00fa \u00e9p\u00fclet, de \u00e9rdemes egy d\u00e9lut\u00e1ni friss\u00edt\u0151 italra is megpihenni n\u00e1luk.<br \/>Lass\u00edts le, t\u00e1maszd le a s\u00edl\u00e9ced, \u00e9s \u00fclj ki az Eagle terasz\u00e1ra egy aperollal vagy egy Murauer<br \/>s\u00f6rrel a kezedben, hiszen meg\u00e9rdemled!<\/p>\n<p><strong>Mi\u00e9rt az Alpenblick Hotel?<\/strong><\/p>\n<p>Az Alpenblick Hotel az ide\u00e1lis v\u00e1laszt\u00e1s, ha a pihen\u00e9s \u00e9s a s\u00edel\u00e9s t\u00f6k\u00e9letes kombin\u00e1ci\u00f3j\u00e1t<br \/>keresed. Mind\u00f6ssze 900 m\u00e9ternyire a s\u00edp\u00e1ly\u00e1t\u00f3l g\u0151z\u00f6lg\u0151 kinti-benti medenc\u00e9vel v\u00e1runk, mely t\u00e9len is \u00fczemel, a f\u00e1raszt\u00f3 nap v\u00e9g\u00e9n pedig kiad\u00f3s f\u00e9lpanzi\u00f3s vacsor\u00e1t k\u00edn\u00e1lunk.<strong> A bej\u00e1ratt\u00f3l indul az Alpenblick transzfer, mely eg\u00e9szen a felvon\u00f3 bej\u00e1rat\u00e1ig visz, \u00edgy maxim\u00e1lis k\u00e9nyelemben ing\u00e1zhatsz sz\u00e1llod\u00e1nk \u00e9s a s\u00edp\u00e1lya k\u00f6z\u00f6tt.<\/strong><br \/>Foglalj t\u00f6bb \u00e9jszak\u00e1ra, hogy legyen id\u0151d ki\u00e9lvezni sz\u00e1llod\u00e1nk, \u00e9s a k\u00f6rny\u00e9k minden lehet\u0151s\u00e9g\u00e9t. \u00c9s a legjobb? Ha 4 \u00e9jszak\u00e1t, vagy ann\u00e1l t\u00f6bb id\u0151t t\u00f6ltesz n\u00e1lunk,<br \/>kedvezm\u00e9nyes aj\u00e1nlattal v\u00e1runk!<\/p>\n<p><strong>Hozd ki a maximumot ebb\u0151l a n\u00e9h\u00e1ny napb\u00f3l!<\/strong><\/p>\n<p>Ha nem szeretn\u00e9l kimer\u00fclten, sajg\u00f3 izmokkal hazat\u00e9rni, hallgass r\u00e1nk, \u00e9s add meg<br \/>magadnak a pihen\u00e9s \u00e9lm\u00e9ny\u00e9t! K\u00e9pzeld el, ahogy Kreischberg cs\u00facs\u00e1n, a naps\u00fct\u00e9sben<br \/>fogyasztod a finomabbn\u00e1l finomabb fog\u00e1sokat, ahogy belemer\u00fclsz a kellemesen meleg medence viz\u00e9be, \u00e9s amikor est\u00e9re \u00fajra meg\u00e9hezel Krausz G\u00e1bor s\u00e9f legk\u00fcl\u00f6nlegesebb \u00e9teleit k\u00f3stolhatod vacsor\u00e1n\u00e1l!<\/p>\n<p><strong>Minden s\u00edp\u00e1ly\u00e1nak megvan a t\u00f6rt\u00e9nete. Legyen ez most a te t\u00f6rt\u00e9neted!<\/strong><\/p>\n\t\t\t\t\t\t\t\t<\/div>\n\t\t\t\t<\/div>\n\t\t\t\t\t<\/div>\n\t\t<\/div>\n\t\t\t\t\t<\/div>\n\t\t<\/section>\n\t\t\t\t<\/div>","protected":false},"excerpt":{"rendered":"<p>A s\u00edel\u00e9s miatt minden \u00e9vben v\u00e1rjuk a telet, mindenki kedvenc t\u00e9li sportja &#8211; h\u00f3f\u00f6dte hegycs\u00facsok, krist\u00e1lytiszta leveg\u0151 \u00e9s akt\u00edv kikapcsol\u00f3d\u00e1s. Azonban ne feledkezz\u00fcnk megr\u00f3la, hogy komoly fizikai kih\u00edv\u00e1st jelent az eg\u00e9sz napos s\u00edel\u00e9s, \u00edgy egy t\u00f6bb napos utaz\u00e1s alatt \u00e9rdemes a megfelel\u0151 pihen\u0151helyeket is kiv\u00e1lasztani. Az utaz\u00e1s, ami nem csak a s\u00edel\u00e9sr\u0151l sz\u00f3l Az Eagle [&hellip;]<\/p>\n","protected":false},"author":4,"featured_media":2846,"comment_status":"open","ping_status":"open","sticky":false,"template":"","format":"standard","meta":{"footnotes":""},"categories":[1],"tags":[],"class_list":["post-2841","post","type-post","status-publish","format-standard","has-post-thumbnail","hentry","category-uncategorized"],"yoast_head":"<!-- This site is optimized with the Yoast SEO plugin v27.4 - https:\/\/yoast.com\/product\/yoast-seo-wordpress\/ -->\n<title>Eagle \u2013 \u00c9tterem Kreischberg tetej\u00e9n - Alpenblick Kreischberg<\/title>\n<meta name=\"robots\" content=\"index, follow, max-snippet:-1, max-image-preview:large, max-video-preview:-1\" \/>\n<link rel=\"canonical\" href=\"https:\/\/alpenblickkreischberg.at\/en\/eagle-etterem-kreischberg-tetejen\/\" \/>\n<meta property=\"og:locale\" content=\"en_GB\" \/>\n<meta property=\"og:type\" content=\"article\" \/>\n<meta property=\"og:title\" content=\"Eagle \u2013 \u00c9tterem Kreischberg tetej\u00e9n - Alpenblick Kreischberg\" \/>\n<meta property=\"og:description\" content=\"A s\u00edel\u00e9s miatt minden \u00e9vben v\u00e1rjuk a telet, mindenki kedvenc t\u00e9li sportja &#8211; h\u00f3f\u00f6dte hegycs\u00facsok, krist\u00e1lytiszta leveg\u0151 \u00e9s akt\u00edv kikapcsol\u00f3d\u00e1s. Azonban ne feledkezz\u00fcnk megr\u00f3la, hogy komoly fizikai kih\u00edv\u00e1st jelent az eg\u00e9sz napos s\u00edel\u00e9s, \u00edgy egy t\u00f6bb napos utaz\u00e1s alatt \u00e9rdemes a megfelel\u0151 pihen\u0151helyeket is kiv\u00e1lasztani. Az utaz\u00e1s, ami nem csak a s\u00edel\u00e9sr\u0151l sz\u00f3l Az Eagle [&hellip;]\" \/>\n<meta property=\"og:url\" content=\"https:\/\/alpenblickkreischberg.at\/en\/eagle-etterem-kreischberg-tetejen\/\" \/>\n<meta property=\"og:site_name\" content=\"Alpenblick Kreischberg\" \/>\n<meta property=\"article:published_time\" content=\"2024-02-02T12:39:55+00:00\" \/>\n<meta property=\"article:modified_time\" content=\"2024-02-07T16:18:08+00:00\" \/>\n<meta property=\"og:image\" content=\"https:\/\/alpenblickkreischberg.at\/wp-content\/uploads\/2024\/02\/eagle.png\" \/>\n\t<meta property=\"og:image:width\" content=\"1477\" \/>\n\t<meta property=\"og:image:height\" content=\"565\" \/>\n\t<meta property=\"og:image:type\" content=\"image\/png\" \/>\n<meta name=\"author\" content=\"agi\" \/>\n<meta name=\"twitter:card\" content=\"summary_large_image\" \/>\n<meta name=\"twitter:label1\" content=\"Written by\" \/>\n\t<meta name=\"twitter:data1\" content=\"agi\" \/>\n\t<meta name=\"twitter:label2\" content=\"Estimated reading time\" \/>\n\t<meta name=\"twitter:data2\" content=\"2 minutes\" \/>\n<script type=\"application\/ld+json\" class=\"yoast-schema-graph\">{\"@context\":\"https:\\\/\\\/schema.org\",\"@graph\":[{\"@type\":\"Article\",\"@id\":\"https:\\\/\\\/alpenblickkreischberg.at\\\/eagle-etterem-kreischberg-tetejen\\\/#article\",\"isPartOf\":{\"@id\":\"https:\\\/\\\/alpenblickkreischberg.at\\\/eagle-etterem-kreischberg-tetejen\\\/\"},\"author\":{\"name\":\"agi\",\"@id\":\"https:\\\/\\\/alpenblickkreischberg.at\\\/hu\\\/#\\\/schema\\\/person\\\/c322f7c94b5c6ee41db962e4275aba3e\"},\"headline\":\"Eagle \u2013 \u00c9tterem Kreischberg tetej\u00e9n\",\"datePublished\":\"2024-02-02T12:39:55+00:00\",\"dateModified\":\"2024-02-07T16:18:08+00:00\",\"mainEntityOfPage\":{\"@id\":\"https:\\\/\\\/alpenblickkreischberg.at\\\/eagle-etterem-kreischberg-tetejen\\\/\"},\"wordCount\":456,\"commentCount\":0,\"publisher\":{\"@id\":\"https:\\\/\\\/alpenblickkreischberg.at\\\/hu\\\/#organization\"},\"image\":{\"@id\":\"https:\\\/\\\/alpenblickkreischberg.at\\\/eagle-etterem-kreischberg-tetejen\\\/#primaryimage\"},\"thumbnailUrl\":\"https:\\\/\\\/alpenblickkreischberg.at\\\/wp-content\\\/uploads\\\/2024\\\/02\\\/eagle.png\",\"articleSection\":[\"Uncategorized\"],\"inLanguage\":\"en-GB\",\"potentialAction\":[{\"@type\":\"CommentAction\",\"name\":\"Comment\",\"target\":[\"https:\\\/\\\/alpenblickkreischberg.at\\\/eagle-etterem-kreischberg-tetejen\\\/#respond\"]}]},{\"@type\":\"WebPage\",\"@id\":\"https:\\\/\\\/alpenblickkreischberg.at\\\/eagle-etterem-kreischberg-tetejen\\\/\",\"url\":\"https:\\\/\\\/alpenblickkreischberg.at\\\/eagle-etterem-kreischberg-tetejen\\\/\",\"name\":\"Eagle \u2013 \u00c9tterem Kreischberg tetej\u00e9n - Alpenblick Kreischberg\",\"isPartOf\":{\"@id\":\"https:\\\/\\\/alpenblickkreischberg.at\\\/hu\\\/#website\"},\"primaryImageOfPage\":{\"@id\":\"https:\\\/\\\/alpenblickkreischberg.at\\\/eagle-etterem-kreischberg-tetejen\\\/#primaryimage\"},\"image\":{\"@id\":\"https:\\\/\\\/alpenblickkreischberg.at\\\/eagle-etterem-kreischberg-tetejen\\\/#primaryimage\"},\"thumbnailUrl\":\"https:\\\/\\\/alpenblickkreischberg.at\\\/wp-content\\\/uploads\\\/2024\\\/02\\\/eagle.png\",\"datePublished\":\"2024-02-02T12:39:55+00:00\",\"dateModified\":\"2024-02-07T16:18:08+00:00\",\"breadcrumb\":{\"@id\":\"https:\\\/\\\/alpenblickkreischberg.at\\\/eagle-etterem-kreischberg-tetejen\\\/#breadcrumb\"},\"inLanguage\":\"en-GB\",\"potentialAction\":[{\"@type\":\"ReadAction\",\"target\":[\"https:\\\/\\\/alpenblickkreischberg.at\\\/eagle-etterem-kreischberg-tetejen\\\/\"]}]},{\"@type\":\"ImageObject\",\"inLanguage\":\"en-GB\",\"@id\":\"https:\\\/\\\/alpenblickkreischberg.at\\\/eagle-etterem-kreischberg-tetejen\\\/#primaryimage\",\"url\":\"https:\\\/\\\/alpenblickkreischberg.at\\\/wp-content\\\/uploads\\\/2024\\\/02\\\/eagle.png\",\"contentUrl\":\"https:\\\/\\\/alpenblickkreischberg.at\\\/wp-content\\\/uploads\\\/2024\\\/02\\\/eagle.png\",\"width\":1477,\"height\":565},{\"@type\":\"BreadcrumbList\",\"@id\":\"https:\\\/\\\/alpenblickkreischberg.at\\\/eagle-etterem-kreischberg-tetejen\\\/#breadcrumb\",\"itemListElement\":[{\"@type\":\"ListItem\",\"position\":1,\"name\":\"Kezd\u0151lap\",\"item\":\"https:\\\/\\\/alpenblickkreischberg.at\\\/\"},{\"@type\":\"ListItem\",\"position\":2,\"name\":\"Eagle \u2013 \u00c9tterem Kreischberg tetej\u00e9n\"}]},{\"@type\":\"WebSite\",\"@id\":\"https:\\\/\\\/alpenblickkreischberg.at\\\/hu\\\/#website\",\"url\":\"https:\\\/\\\/alpenblickkreischberg.at\\\/hu\\\/\",\"name\":\"Alpenblick Kreischberg\",\"description\":\"Hotel a Kreischbergen Murau mellett\",\"publisher\":{\"@id\":\"https:\\\/\\\/alpenblickkreischberg.at\\\/hu\\\/#organization\"},\"potentialAction\":[{\"@type\":\"SearchAction\",\"target\":{\"@type\":\"EntryPoint\",\"urlTemplate\":\"https:\\\/\\\/alpenblickkreischberg.at\\\/hu\\\/?s={search_term_string}\"},\"query-input\":{\"@type\":\"PropertyValueSpecification\",\"valueRequired\":true,\"valueName\":\"search_term_string\"}}],\"inLanguage\":\"en-GB\"},{\"@type\":\"Organization\",\"@id\":\"https:\\\/\\\/alpenblickkreischberg.at\\\/hu\\\/#organization\",\"name\":\"Alpenblick Kreischberg\",\"url\":\"https:\\\/\\\/alpenblickkreischberg.at\\\/hu\\\/\",\"logo\":{\"@type\":\"ImageObject\",\"inLanguage\":\"en-GB\",\"@id\":\"https:\\\/\\\/alpenblickkreischberg.at\\\/hu\\\/#\\\/schema\\\/logo\\\/image\\\/\",\"url\":\"https:\\\/\\\/alpenblickkreischberg.at\\\/wp-content\\\/uploads\\\/2023\\\/06\\\/alpenblick-logo.png\",\"contentUrl\":\"https:\\\/\\\/alpenblickkreischberg.at\\\/wp-content\\\/uploads\\\/2023\\\/06\\\/alpenblick-logo.png\",\"width\":520,\"height\":212,\"caption\":\"Alpenblick Kreischberg\"},\"image\":{\"@id\":\"https:\\\/\\\/alpenblickkreischberg.at\\\/hu\\\/#\\\/schema\\\/logo\\\/image\\\/\"}},{\"@type\":\"Person\",\"@id\":\"https:\\\/\\\/alpenblickkreischberg.at\\\/hu\\\/#\\\/schema\\\/person\\\/c322f7c94b5c6ee41db962e4275aba3e\",\"name\":\"agi\",\"image\":{\"@type\":\"ImageObject\",\"inLanguage\":\"en-GB\",\"@id\":\"https:\\\/\\\/secure.gravatar.com\\\/avatar\\\/30ce6ae1bc874ee4be7d554cf3b44231849bdf85426eaff0aff005bbe0647ce8?s=96&d=mm&r=g\",\"url\":\"https:\\\/\\\/secure.gravatar.com\\\/avatar\\\/30ce6ae1bc874ee4be7d554cf3b44231849bdf85426eaff0aff005bbe0647ce8?s=96&d=mm&r=g\",\"contentUrl\":\"https:\\\/\\\/secure.gravatar.com\\\/avatar\\\/30ce6ae1bc874ee4be7d554cf3b44231849bdf85426eaff0aff005bbe0647ce8?s=96&d=mm&r=g\",\"caption\":\"agi\"},\"url\":\"https:\\\/\\\/alpenblickkreischberg.at\\\/en\\\/author\\\/agi\\\/\"}]}<\/script>\n<!-- \/ Yoast SEO plugin. -->","yoast_head_json":{"title":"Eagle \u2013 \u00c9tterem Kreischberg tetej\u00e9n - Alpenblick Kreischberg","robots":{"index":"index","follow":"follow","max-snippet":"max-snippet:-1","max-image-preview":"max-image-preview:large","max-video-preview":"max-video-preview:-1"},"canonical":"https:\/\/alpenblickkreischberg.at\/en\/eagle-etterem-kreischberg-tetejen\/","og_locale":"en_GB","og_type":"article","og_title":"Eagle \u2013 \u00c9tterem Kreischberg tetej\u00e9n - Alpenblick Kreischberg","og_description":"A s\u00edel\u00e9s miatt minden \u00e9vben v\u00e1rjuk a telet, mindenki kedvenc t\u00e9li sportja &#8211; h\u00f3f\u00f6dte hegycs\u00facsok, krist\u00e1lytiszta leveg\u0151 \u00e9s akt\u00edv kikapcsol\u00f3d\u00e1s. Azonban ne feledkezz\u00fcnk megr\u00f3la, hogy komoly fizikai kih\u00edv\u00e1st jelent az eg\u00e9sz napos s\u00edel\u00e9s, \u00edgy egy t\u00f6bb napos utaz\u00e1s alatt \u00e9rdemes a megfelel\u0151 pihen\u0151helyeket is kiv\u00e1lasztani. Az utaz\u00e1s, ami nem csak a s\u00edel\u00e9sr\u0151l sz\u00f3l Az Eagle [&hellip;]","og_url":"https:\/\/alpenblickkreischberg.at\/en\/eagle-etterem-kreischberg-tetejen\/","og_site_name":"Alpenblick Kreischberg","article_published_time":"2024-02-02T12:39:55+00:00","article_modified_time":"2024-02-07T16:18:08+00:00","og_image":[{"width":1477,"height":565,"url":"https:\/\/alpenblickkreischberg.at\/wp-content\/uploads\/2024\/02\/eagle.png","type":"image\/png"}],"author":"agi","twitter_card":"summary_large_image","twitter_misc":{"Written by":"agi","Estimated reading time":"2 minutes"},"schema":{"@context":"https:\/\/schema.org","@graph":[{"@type":"Article","@id":"https:\/\/alpenblickkreischberg.at\/eagle-etterem-kreischberg-tetejen\/#article","isPartOf":{"@id":"https:\/\/alpenblickkreischberg.at\/eagle-etterem-kreischberg-tetejen\/"},"author":{"name":"agi","@id":"https:\/\/alpenblickkreischberg.at\/hu\/#\/schema\/person\/c322f7c94b5c6ee41db962e4275aba3e"},"headline":"Eagle \u2013 \u00c9tterem Kreischberg tetej\u00e9n","datePublished":"2024-02-02T12:39:55+00:00","dateModified":"2024-02-07T16:18:08+00:00","mainEntityOfPage":{"@id":"https:\/\/alpenblickkreischberg.at\/eagle-etterem-kreischberg-tetejen\/"},"wordCount":456,"commentCount":0,"publisher":{"@id":"https:\/\/alpenblickkreischberg.at\/hu\/#organization"},"image":{"@id":"https:\/\/alpenblickkreischberg.at\/eagle-etterem-kreischberg-tetejen\/#primaryimage"},"thumbnailUrl":"https:\/\/alpenblickkreischberg.at\/wp-content\/uploads\/2024\/02\/eagle.png","articleSection":["Uncategorized"],"inLanguage":"en-GB","potentialAction":[{"@type":"CommentAction","name":"Comment","target":["https:\/\/alpenblickkreischberg.at\/eagle-etterem-kreischberg-tetejen\/#respond"]}]},{"@type":"WebPage","@id":"https:\/\/alpenblickkreischberg.at\/eagle-etterem-kreischberg-tetejen\/","url":"https:\/\/alpenblickkreischberg.at\/eagle-etterem-kreischberg-tetejen\/","name":"Eagle \u2013 \u00c9tterem Kreischberg tetej\u00e9n - Alpenblick Kreischberg","isPartOf":{"@id":"https:\/\/alpenblickkreischberg.at\/hu\/#website"},"primaryImageOfPage":{"@id":"https:\/\/alpenblickkreischberg.at\/eagle-etterem-kreischberg-tetejen\/#primaryimage"},"image":{"@id":"https:\/\/alpenblickkreischberg.at\/eagle-etterem-kreischberg-tetejen\/#primaryimage"},"thumbnailUrl":"https:\/\/alpenblickkreischberg.at\/wp-content\/uploads\/2024\/02\/eagle.png","datePublished":"2024-02-02T12:39:55+00:00","dateModified":"2024-02-07T16:18:08+00:00","breadcrumb":{"@id":"https:\/\/alpenblickkreischberg.at\/eagle-etterem-kreischberg-tetejen\/#breadcrumb"},"inLanguage":"en-GB","potentialAction":[{"@type":"ReadAction","target":["https:\/\/alpenblickkreischberg.at\/eagle-etterem-kreischberg-tetejen\/"]}]},{"@type":"ImageObject","inLanguage":"en-GB","@id":"https:\/\/alpenblickkreischberg.at\/eagle-etterem-kreischberg-tetejen\/#primaryimage","url":"https:\/\/alpenblickkreischberg.at\/wp-content\/uploads\/2024\/02\/eagle.png","contentUrl":"https:\/\/alpenblickkreischberg.at\/wp-content\/uploads\/2024\/02\/eagle.png","width":1477,"height":565},{"@type":"BreadcrumbList","@id":"https:\/\/alpenblickkreischberg.at\/eagle-etterem-kreischberg-tetejen\/#breadcrumb","itemListElement":[{"@type":"ListItem","position":1,"name":"Kezd\u0151lap","item":"https:\/\/alpenblickkreischberg.at\/"},{"@type":"ListItem","position":2,"name":"Eagle \u2013 \u00c9tterem Kreischberg tetej\u00e9n"}]},{"@type":"WebSite","@id":"https:\/\/alpenblickkreischberg.at\/hu\/#website","url":"https:\/\/alpenblickkreischberg.at\/hu\/","name":"Alpenblick Kreischberg","description":"Hotel on the Kreischberg near Murau","publisher":{"@id":"https:\/\/alpenblickkreischberg.at\/hu\/#organization"},"potentialAction":[{"@type":"SearchAction","target":{"@type":"EntryPoint","urlTemplate":"https:\/\/alpenblickkreischberg.at\/hu\/?s={search_term_string}"},"query-input":{"@type":"PropertyValueSpecification","valueRequired":true,"valueName":"search_term_string"}}],"inLanguage":"en-GB"},{"@type":"Organization","@id":"https:\/\/alpenblickkreischberg.at\/hu\/#organization","name":"Alpenblick Kreischberg","url":"https:\/\/alpenblickkreischberg.at\/hu\/","logo":{"@type":"ImageObject","inLanguage":"en-GB","@id":"https:\/\/alpenblickkreischberg.at\/hu\/#\/schema\/logo\/image\/","url":"https:\/\/alpenblickkreischberg.at\/wp-content\/uploads\/2023\/06\/alpenblick-logo.png","contentUrl":"https:\/\/alpenblickkreischberg.at\/wp-content\/uploads\/2023\/06\/alpenblick-logo.png","width":520,"height":212,"caption":"Alpenblick Kreischberg"},"image":{"@id":"https:\/\/alpenblickkreischberg.at\/hu\/#\/schema\/logo\/image\/"}},{"@type":"Person","@id":"https:\/\/alpenblickkreischberg.at\/hu\/#\/schema\/person\/c322f7c94b5c6ee41db962e4275aba3e","name":"agi","image":{"@type":"ImageObject","inLanguage":"en-GB","@id":"https:\/\/secure.gravatar.com\/avatar\/30ce6ae1bc874ee4be7d554cf3b44231849bdf85426eaff0aff005bbe0647ce8?s=96&d=mm&r=g","url":"https:\/\/secure.gravatar.com\/avatar\/30ce6ae1bc874ee4be7d554cf3b44231849bdf85426eaff0aff005bbe0647ce8?s=96&d=mm&r=g","contentUrl":"https:\/\/secure.gravatar.com\/avatar\/30ce6ae1bc874ee4be7d554cf3b44231849bdf85426eaff0aff005bbe0647ce8?s=96&d=mm&r=g","caption":"agi"},"url":"https:\/\/alpenblickkreischberg.at\/en\/author\/agi\/"}]}},"_links":{"self":[{"href":"https:\/\/alpenblickkreischberg.at\/en\/wp-json\/wp\/v2\/posts\/2841","targetHints":{"allow":["GET"]}}],"collection":[{"href":"https:\/\/alpenblickkreischberg.at\/en\/wp-json\/wp\/v2\/posts"}],"about":[{"href":"https:\/\/alpenblickkreischberg.at\/en\/wp-json\/wp\/v2\/types\/post"}],"author":[{"embeddable":true,"href":"https:\/\/alpenblickkreischberg.at\/en\/wp-json\/wp\/v2\/users\/4"}],"replies":[{"embeddable":true,"href":"https:\/\/alpenblickkreischberg.at\/en\/wp-json\/wp\/v2\/comments?post=2841"}],"version-history":[{"count":5,"href":"https:\/\/alpenblickkreischberg.at\/en\/wp-json\/wp\/v2\/posts\/2841\/revisions"}],"predecessor-version":[{"id":2909,"href":"https:\/\/alpenblickkreischberg.at\/en\/wp-json\/wp\/v2\/posts\/2841\/revisions\/2909"}],"wp:featuredmedia":[{"embeddable":true,"href":"https:\/\/alpenblickkreischberg.at\/en\/wp-json\/wp\/v2\/media\/2846"}],"wp:attachment":[{"href":"https:\/\/alpenblickkreischberg.at\/en\/wp-json\/wp\/v2\/media?parent=2841"}],"wp:term":[{"taxonomy":"category","embeddable":true,"href":"https:\/\/alpenblickkreischberg.at\/en\/wp-json\/wp\/v2\/categories?post=2841"},{"taxonomy":"post_tag","embeddable":true,"href":"https:\/\/alpenblickkreischberg.at\/en\/wp-json\/wp\/v2\/tags?post=2841"}],"curies":[{"name":"wp","href":"https:\/\/api.w.org\/{rel}","templated":true}]}}