{"id":2841,"date":"2024-02-02T13:39:55","date_gmt":"2024-02-02T12:39:55","guid":{"rendered":"http:\/\/alpenblickkreischberg.at\/?p=2841"},"modified":"2026-07-22T16:10:30","modified_gmt":"2026-07-22T14:10:30","slug":"eagle-etterem-kreischberg-tetejen","status":"publish","type":"post","link":"https:\/\/alpenblickkreischberg.at\/de\/eagle-etterem-kreischberg-tetejen\/","title":{"rendered":"Eagle \u2013 Restaurant auf dem Gipfel des Kreischbergs"},"content":{"rendered":"<div data-elementor-type=\"wp-post\" data-elementor-id=\"2841\" class=\"elementor elementor-2841\" data-elementor-post-type=\"post\">\n\t\t\t\t\t\t<section class=\"elementor-section elementor-top-section elementor-element elementor-element-50be5e03 elementor-section-boxed elementor-section-height-default elementor-section-height-default\" data-id=\"50be5e03\" data-element_type=\"section\" data-e-type=\"section\">\n\t\t\t\t\t\t<div class=\"elementor-container elementor-column-gap-default\">\n\t\t\t\t\t<div class=\"elementor-column elementor-col-100 elementor-top-column elementor-element elementor-element-67bae9de\" data-id=\"67bae9de\" data-element_type=\"column\" data-e-type=\"column\">\n\t\t\t<div class=\"elementor-widget-wrap elementor-element-populated\">\n\t\t\t\t\t\t<div class=\"elementor-element elementor-element-4c878856 elementor-widget elementor-widget-text-editor\" data-id=\"4c878856\" data-element_type=\"widget\" data-e-type=\"widget\" data-widget_type=\"text-editor.default\">\n\t\t\t\t<div class=\"elementor-widget-container\">\n\t\t\t\t\t\t\t\t\t<p>Wegen des Skifahrens freuen wir uns jedes Jahr auf den Winter. Der beliebte Wintersport verspricht verschneite Berggipfel, kristallklare Luft und aktive Erholung. Dennoch sollten wir nicht vergessen, dass ein ganzer Tag auf der Skipiste eine gro\u00dfe k\u00f6rperliche Herausforderung darstellt. Deshalb lohnt es sich, bei einer mehrt\u00e4gigen Reise auch die passenden Orte zum Entspannen auszuw\u00e4hlen.<\/p>\n<p><strong>Eine Reise, bei der es um mehr als nur ums Skifahren geht<\/strong><\/p>\n<p>Das Eagle Restaurant liegt auf 2.000 Metern H\u00f6he und bietet einen atemberaubenden Panoramablick \u00fcber die Region Murau. Von hier aus die Skipisten unter uns und die umliegenden verschneiten Berggipfel zu bewundern, ist garantiert ein unvergessliches Erlebnis. An frostigen Wintertagen erwarten uns in dem kristallf\u00f6rmigen Geb\u00e4ude w\u00e4rmende Suppen, k\u00f6stliche Hauptgerichte und \u00f6sterreichische Klassiker. Auch f\u00fcr ein erfrischendes Getr\u00e4nk am Nachmittag lohnt sich eine Pause.<br \/>Mach eine Pause, stell deine Skier ab und genie\u00dfe auf der Terrasse des Eagle einen Aperol oder ein Murauer Bier \u2013 du hast es dir verdient!<\/p>\n<p><strong>Warum das Alpenblick Hotel?<\/strong><\/p>\n<p>Das Alpenblick Hotel ist die ideale Wahl, wenn du die perfekte Kombination aus Erholung und Skifahren suchst. Nur 900 Meter von der Skipiste entfernt erwarten dich unsere beheizten Innen- und Au\u00dfenpools, die auch im Winter ge\u00f6ffnet sind. Nach einem anstrengenden Tag servieren wir dir au\u00dferdem ein reichhaltiges Abendessen im Rahmen der Halbpension. Direkt vor dem Hoteleingang startet der Alpenblick-Shuttle, der dich bis zum Eingang der Bergbahn bringt. So kannst du besonders bequem zwischen unserem Hotel und dem Skigebiet pendeln.<br \/>Buche mehrere N\u00e4chte, damit du gen\u00fcgend Zeit hast, unser Hotel und alle M\u00f6glichkeiten der Umgebung ausgiebig zu genie\u00dfen. Und das Beste daran? Wenn du vier N\u00e4chte oder l\u00e4nger bei uns verbringst,<br \/>erwartet dich ein verg\u00fcnstigtes Angebot!<\/p>\n<p><strong>Hol das Beste aus diesen Tagen heraus!<\/strong><\/p>\n<p>Wenn du nicht v\u00f6llig ersch\u00f6pft und mit Muskelkater nach Hause fahren m\u00f6chtest, dann nimm dir unseren Rat<br \/>zu Herzen und g\u00f6nn dir die Erholung, die du verdienst!<br \/>Stell dir vor, wie du auf dem Gipfel des Kreischbergs im Sonnenschein k\u00f6stliche Gerichte genie\u00dft, anschlie\u00dfend in das angenehm warme Wasser des Pools eintauchst und am Abend, wenn sich der Hunger wieder meldet, die au\u00dfergew\u00f6hnlichen Kreationen von K\u00fcchenchef G\u00e1bor Krausz probierst.<\/p>\n<p><strong>Jede Skipiste hat ihre eigene Geschichte. Lass dies nun deine Geschichte sein!<\/strong><\/p>\t\t\t\t\t\t\t\t<\/div>\n\t\t\t\t<\/div>\n\t\t\t\t\t<\/div>\n\t\t<\/div>\n\t\t\t\t\t<\/div>\n\t\t<\/section>\n\t\t\t\t<\/div>","protected":false},"excerpt":{"rendered":"<p>A s\u00edel\u00e9s miatt minden \u00e9vben v\u00e1rjuk a telet, mindenki kedvenc t\u00e9li sportja \u2013 h\u00f3f\u00f6dte hegycs\u00facsok, krist\u00e1lytiszta leveg\u0151 \u00e9s akt\u00edv kikapcsol\u00f3d\u00e1s. Azonban ne feledkezz\u00fcnk meg r\u00f3la, hogy komoly fizikai kih\u00edv\u00e1st jelent az eg\u00e9sz napos s\u00edel\u00e9s, \u00edgy egy t\u00f6bb napos utaz\u00e1s alatt \u00e9rdemes a megfelel\u0151 pihen\u0151helyeket is kiv\u00e1lasztani. Az utaz\u00e1s, ami nem csak a s\u00edel\u00e9sr\u0151l sz\u00f3l Az [&hellip;]<\/p>\n","protected":false},"author":4,"featured_media":2846,"comment_status":"open","ping_status":"open","sticky":false,"template":"","format":"standard","meta":{"footnotes":""},"categories":[1],"tags":[],"class_list":["post-2841","post","type-post","status-publish","format-standard","has-post-thumbnail","hentry","category-uncategorized"],"yoast_head":"<!-- This site is optimized with the Yoast SEO plugin v28.2 - https:\/\/yoast.com\/product\/yoast-seo-wordpress\/ -->\n<title>Eagle \u2013 \u00c9tterem Kreischberg tetej\u00e9n - Alpenblick Kreischberg<\/title>\n<meta name=\"robots\" content=\"index, follow, max-snippet:-1, max-image-preview:large, max-video-preview:-1\" \/>\n<link rel=\"canonical\" href=\"https:\/\/alpenblickkreischberg.at\/de\/eagle-etterem-kreischberg-tetejen\/\" \/>\n<meta property=\"og:locale\" content=\"de_DE\" \/>\n<meta property=\"og:type\" content=\"article\" \/>\n<meta property=\"og:title\" content=\"Eagle \u2013 \u00c9tterem Kreischberg tetej\u00e9n - Alpenblick Kreischberg\" \/>\n<meta property=\"og:description\" content=\"A s\u00edel\u00e9s miatt minden \u00e9vben v\u00e1rjuk a telet, mindenki kedvenc t\u00e9li sportja \u2013 h\u00f3f\u00f6dte hegycs\u00facsok, krist\u00e1lytiszta leveg\u0151 \u00e9s akt\u00edv kikapcsol\u00f3d\u00e1s. Azonban ne feledkezz\u00fcnk meg r\u00f3la, hogy komoly fizikai kih\u00edv\u00e1st jelent az eg\u00e9sz napos s\u00edel\u00e9s, \u00edgy egy t\u00f6bb napos utaz\u00e1s alatt \u00e9rdemes a megfelel\u0151 pihen\u0151helyeket is kiv\u00e1lasztani. Az utaz\u00e1s, ami nem csak a s\u00edel\u00e9sr\u0151l sz\u00f3l Az [&hellip;]\" \/>\n<meta property=\"og:url\" content=\"https:\/\/alpenblickkreischberg.at\/de\/eagle-etterem-kreischberg-tetejen\/\" \/>\n<meta property=\"og:site_name\" content=\"Alpenblick Kreischberg\" \/>\n<meta property=\"article:published_time\" content=\"2024-02-02T12:39:55+00:00\" \/>\n<meta property=\"article:modified_time\" content=\"2026-07-22T14:10:30+00:00\" \/>\n<meta property=\"og:image\" content=\"https:\/\/alpenblickkreischberg.at\/wp-content\/uploads\/2024\/02\/eagle.png\" \/>\n\t<meta property=\"og:image:width\" content=\"1477\" \/>\n\t<meta property=\"og:image:height\" content=\"565\" \/>\n\t<meta property=\"og:image:type\" content=\"image\/png\" \/>\n<meta name=\"author\" content=\"agi\" \/>\n<meta name=\"twitter:card\" content=\"summary_large_image\" \/>\n<meta name=\"twitter:label1\" content=\"Verfasst von\" \/>\n\t<meta name=\"twitter:data1\" content=\"agi\" \/>\n\t<meta name=\"twitter:label2\" content=\"Gesch\u00e4tzte Lesezeit\" \/>\n\t<meta name=\"twitter:data2\" content=\"2\u00a0Minuten\" \/>\n<script type=\"application\/ld+json\" class=\"yoast-schema-graph\">{\"@context\":\"https:\\\/\\\/schema.org\",\"@graph\":[{\"@type\":\"Article\",\"@id\":\"https:\\\/\\\/alpenblickkreischberg.at\\\/de\\\/eagle-etterem-kreischberg-tetejen\\\/#article\",\"isPartOf\":{\"@id\":\"https:\\\/\\\/alpenblickkreischberg.at\\\/de\\\/eagle-etterem-kreischberg-tetejen\\\/\"},\"author\":{\"name\":\"agi\",\"@id\":\"https:\\\/\\\/alpenblickkreischberg.at\\\/hu\\\/#\\\/schema\\\/person\\\/c322f7c94b5c6ee41db962e4275aba3e\"},\"headline\":\"Eagle \u2013 \u00c9tterem Kreischberg tetej\u00e9n\",\"datePublished\":\"2024-02-02T12:39:55+00:00\",\"dateModified\":\"2026-07-22T14:10:30+00:00\",\"mainEntityOfPage\":{\"@id\":\"https:\\\/\\\/alpenblickkreischberg.at\\\/de\\\/eagle-etterem-kreischberg-tetejen\\\/\"},\"wordCount\":458,\"commentCount\":0,\"publisher\":{\"@id\":\"https:\\\/\\\/alpenblickkreischberg.at\\\/hu\\\/#organization\"},\"image\":{\"@id\":\"https:\\\/\\\/alpenblickkreischberg.at\\\/de\\\/eagle-etterem-kreischberg-tetejen\\\/#primaryimage\"},\"thumbnailUrl\":\"https:\\\/\\\/alpenblickkreischberg.at\\\/wp-content\\\/uploads\\\/2024\\\/02\\\/eagle.png\",\"articleSection\":[\"Uncategorized\"],\"inLanguage\":\"de\",\"potentialAction\":[{\"@type\":\"CommentAction\",\"name\":\"Comment\",\"target\":[\"https:\\\/\\\/alpenblickkreischberg.at\\\/de\\\/eagle-etterem-kreischberg-tetejen\\\/#respond\"]}]},{\"@type\":\"WebPage\",\"@id\":\"https:\\\/\\\/alpenblickkreischberg.at\\\/de\\\/eagle-etterem-kreischberg-tetejen\\\/\",\"url\":\"https:\\\/\\\/alpenblickkreischberg.at\\\/de\\\/eagle-etterem-kreischberg-tetejen\\\/\",\"name\":\"Eagle \u2013 \u00c9tterem Kreischberg tetej\u00e9n - Alpenblick Kreischberg\",\"isPartOf\":{\"@id\":\"https:\\\/\\\/alpenblickkreischberg.at\\\/hu\\\/#website\"},\"primaryImageOfPage\":{\"@id\":\"https:\\\/\\\/alpenblickkreischberg.at\\\/de\\\/eagle-etterem-kreischberg-tetejen\\\/#primaryimage\"},\"image\":{\"@id\":\"https:\\\/\\\/alpenblickkreischberg.at\\\/de\\\/eagle-etterem-kreischberg-tetejen\\\/#primaryimage\"},\"thumbnailUrl\":\"https:\\\/\\\/alpenblickkreischberg.at\\\/wp-content\\\/uploads\\\/2024\\\/02\\\/eagle.png\",\"datePublished\":\"2024-02-02T12:39:55+00:00\",\"dateModified\":\"2026-07-22T14:10:30+00:00\",\"breadcrumb\":{\"@id\":\"https:\\\/\\\/alpenblickkreischberg.at\\\/de\\\/eagle-etterem-kreischberg-tetejen\\\/#breadcrumb\"},\"inLanguage\":\"de\",\"potentialAction\":[{\"@type\":\"ReadAction\",\"target\":[\"https:\\\/\\\/alpenblickkreischberg.at\\\/de\\\/eagle-etterem-kreischberg-tetejen\\\/\"]}]},{\"@type\":\"ImageObject\",\"inLanguage\":\"de\",\"@id\":\"https:\\\/\\\/alpenblickkreischberg.at\\\/de\\\/eagle-etterem-kreischberg-tetejen\\\/#primaryimage\",\"url\":\"https:\\\/\\\/alpenblickkreischberg.at\\\/wp-content\\\/uploads\\\/2024\\\/02\\\/eagle.png\",\"contentUrl\":\"https:\\\/\\\/alpenblickkreischberg.at\\\/wp-content\\\/uploads\\\/2024\\\/02\\\/eagle.png\",\"width\":1477,\"height\":565},{\"@type\":\"BreadcrumbList\",\"@id\":\"https:\\\/\\\/alpenblickkreischberg.at\\\/de\\\/eagle-etterem-kreischberg-tetejen\\\/#breadcrumb\",\"itemListElement\":[{\"@type\":\"ListItem\",\"position\":1,\"name\":\"Kezd\u0151lap\",\"item\":\"https:\\\/\\\/alpenblickkreischberg.at\\\/\"},{\"@type\":\"ListItem\",\"position\":2,\"name\":\"Eagle \u2013 \u00c9tterem Kreischberg tetej\u00e9n\"}]},{\"@type\":\"WebSite\",\"@id\":\"https:\\\/\\\/alpenblickkreischberg.at\\\/hu\\\/#website\",\"url\":\"https:\\\/\\\/alpenblickkreischberg.at\\\/hu\\\/\",\"name\":\"Alpenblick Kreischberg\",\"description\":\"Hotel a Kreischbergen Murau mellett\",\"publisher\":{\"@id\":\"https:\\\/\\\/alpenblickkreischberg.at\\\/hu\\\/#organization\"},\"potentialAction\":[{\"@type\":\"SearchAction\",\"target\":{\"@type\":\"EntryPoint\",\"urlTemplate\":\"https:\\\/\\\/alpenblickkreischberg.at\\\/hu\\\/?s={search_term_string}\"},\"query-input\":{\"@type\":\"PropertyValueSpecification\",\"valueRequired\":true,\"valueName\":\"search_term_string\"}}],\"inLanguage\":\"de\"},{\"@type\":\"Organization\",\"@id\":\"https:\\\/\\\/alpenblickkreischberg.at\\\/hu\\\/#organization\",\"name\":\"Alpenblick Kreischberg\",\"url\":\"https:\\\/\\\/alpenblickkreischberg.at\\\/hu\\\/\",\"logo\":{\"@type\":\"ImageObject\",\"inLanguage\":\"de\",\"@id\":\"https:\\\/\\\/alpenblickkreischberg.at\\\/hu\\\/#\\\/schema\\\/logo\\\/image\\\/\",\"url\":\"https:\\\/\\\/alpenblickkreischberg.at\\\/wp-content\\\/uploads\\\/2023\\\/06\\\/alpenblick-logo.png\",\"contentUrl\":\"https:\\\/\\\/alpenblickkreischberg.at\\\/wp-content\\\/uploads\\\/2023\\\/06\\\/alpenblick-logo.png\",\"width\":520,\"height\":212,\"caption\":\"Alpenblick Kreischberg\"},\"image\":{\"@id\":\"https:\\\/\\\/alpenblickkreischberg.at\\\/hu\\\/#\\\/schema\\\/logo\\\/image\\\/\"}},{\"@type\":\"Person\",\"@id\":\"https:\\\/\\\/alpenblickkreischberg.at\\\/hu\\\/#\\\/schema\\\/person\\\/c322f7c94b5c6ee41db962e4275aba3e\",\"name\":\"agi\",\"image\":{\"@type\":\"ImageObject\",\"inLanguage\":\"de\",\"@id\":\"https:\\\/\\\/secure.gravatar.com\\\/avatar\\\/30ce6ae1bc874ee4be7d554cf3b44231849bdf85426eaff0aff005bbe0647ce8?s=96&d=mm&r=g\",\"url\":\"https:\\\/\\\/secure.gravatar.com\\\/avatar\\\/30ce6ae1bc874ee4be7d554cf3b44231849bdf85426eaff0aff005bbe0647ce8?s=96&d=mm&r=g\",\"contentUrl\":\"https:\\\/\\\/secure.gravatar.com\\\/avatar\\\/30ce6ae1bc874ee4be7d554cf3b44231849bdf85426eaff0aff005bbe0647ce8?s=96&d=mm&r=g\",\"caption\":\"agi\"},\"url\":\"https:\\\/\\\/alpenblickkreischberg.at\\\/de\\\/author\\\/agi\\\/\"}]}<\/script>\n<!-- \/ Yoast SEO plugin. -->","yoast_head_json":{"title":"Eagle \u2013 \u00c9tterem Kreischberg tetej\u00e9n - Alpenblick Kreischberg","robots":{"index":"index","follow":"follow","max-snippet":"max-snippet:-1","max-image-preview":"max-image-preview:large","max-video-preview":"max-video-preview:-1"},"canonical":"https:\/\/alpenblickkreischberg.at\/de\/eagle-etterem-kreischberg-tetejen\/","og_locale":"de_DE","og_type":"article","og_title":"Eagle \u2013 \u00c9tterem Kreischberg tetej\u00e9n - Alpenblick Kreischberg","og_description":"A s\u00edel\u00e9s miatt minden \u00e9vben v\u00e1rjuk a telet, mindenki kedvenc t\u00e9li sportja \u2013 h\u00f3f\u00f6dte hegycs\u00facsok, krist\u00e1lytiszta leveg\u0151 \u00e9s akt\u00edv kikapcsol\u00f3d\u00e1s. Azonban ne feledkezz\u00fcnk meg r\u00f3la, hogy komoly fizikai kih\u00edv\u00e1st jelent az eg\u00e9sz napos s\u00edel\u00e9s, \u00edgy egy t\u00f6bb napos utaz\u00e1s alatt \u00e9rdemes a megfelel\u0151 pihen\u0151helyeket is kiv\u00e1lasztani. Az utaz\u00e1s, ami nem csak a s\u00edel\u00e9sr\u0151l sz\u00f3l Az [&hellip;]","og_url":"https:\/\/alpenblickkreischberg.at\/de\/eagle-etterem-kreischberg-tetejen\/","og_site_name":"Alpenblick Kreischberg","article_published_time":"2024-02-02T12:39:55+00:00","article_modified_time":"2026-07-22T14:10:30+00:00","og_image":[{"width":1477,"height":565,"url":"https:\/\/alpenblickkreischberg.at\/wp-content\/uploads\/2024\/02\/eagle.png","type":"image\/png"}],"author":"agi","twitter_card":"summary_large_image","twitter_misc":{"Verfasst von":"agi","Gesch\u00e4tzte Lesezeit":"2\u00a0Minuten"},"schema":{"@context":"https:\/\/schema.org","@graph":[{"@type":"Article","@id":"https:\/\/alpenblickkreischberg.at\/de\/eagle-etterem-kreischberg-tetejen\/#article","isPartOf":{"@id":"https:\/\/alpenblickkreischberg.at\/de\/eagle-etterem-kreischberg-tetejen\/"},"author":{"name":"agi","@id":"https:\/\/alpenblickkreischberg.at\/hu\/#\/schema\/person\/c322f7c94b5c6ee41db962e4275aba3e"},"headline":"Eagle \u2013 \u00c9tterem Kreischberg tetej\u00e9n","datePublished":"2024-02-02T12:39:55+00:00","dateModified":"2026-07-22T14:10:30+00:00","mainEntityOfPage":{"@id":"https:\/\/alpenblickkreischberg.at\/de\/eagle-etterem-kreischberg-tetejen\/"},"wordCount":458,"commentCount":0,"publisher":{"@id":"https:\/\/alpenblickkreischberg.at\/hu\/#organization"},"image":{"@id":"https:\/\/alpenblickkreischberg.at\/de\/eagle-etterem-kreischberg-tetejen\/#primaryimage"},"thumbnailUrl":"https:\/\/alpenblickkreischberg.at\/wp-content\/uploads\/2024\/02\/eagle.png","articleSection":["Uncategorized"],"inLanguage":"de","potentialAction":[{"@type":"CommentAction","name":"Comment","target":["https:\/\/alpenblickkreischberg.at\/de\/eagle-etterem-kreischberg-tetejen\/#respond"]}]},{"@type":"WebPage","@id":"https:\/\/alpenblickkreischberg.at\/de\/eagle-etterem-kreischberg-tetejen\/","url":"https:\/\/alpenblickkreischberg.at\/de\/eagle-etterem-kreischberg-tetejen\/","name":"Eagle \u2013 \u00c9tterem Kreischberg tetej\u00e9n - Alpenblick Kreischberg","isPartOf":{"@id":"https:\/\/alpenblickkreischberg.at\/hu\/#website"},"primaryImageOfPage":{"@id":"https:\/\/alpenblickkreischberg.at\/de\/eagle-etterem-kreischberg-tetejen\/#primaryimage"},"image":{"@id":"https:\/\/alpenblickkreischberg.at\/de\/eagle-etterem-kreischberg-tetejen\/#primaryimage"},"thumbnailUrl":"https:\/\/alpenblickkreischberg.at\/wp-content\/uploads\/2024\/02\/eagle.png","datePublished":"2024-02-02T12:39:55+00:00","dateModified":"2026-07-22T14:10:30+00:00","breadcrumb":{"@id":"https:\/\/alpenblickkreischberg.at\/de\/eagle-etterem-kreischberg-tetejen\/#breadcrumb"},"inLanguage":"de","potentialAction":[{"@type":"ReadAction","target":["https:\/\/alpenblickkreischberg.at\/de\/eagle-etterem-kreischberg-tetejen\/"]}]},{"@type":"ImageObject","inLanguage":"de","@id":"https:\/\/alpenblickkreischberg.at\/de\/eagle-etterem-kreischberg-tetejen\/#primaryimage","url":"https:\/\/alpenblickkreischberg.at\/wp-content\/uploads\/2024\/02\/eagle.png","contentUrl":"https:\/\/alpenblickkreischberg.at\/wp-content\/uploads\/2024\/02\/eagle.png","width":1477,"height":565},{"@type":"BreadcrumbList","@id":"https:\/\/alpenblickkreischberg.at\/de\/eagle-etterem-kreischberg-tetejen\/#breadcrumb","itemListElement":[{"@type":"ListItem","position":1,"name":"Kezd\u0151lap","item":"https:\/\/alpenblickkreischberg.at\/"},{"@type":"ListItem","position":2,"name":"Eagle \u2013 \u00c9tterem Kreischberg tetej\u00e9n"}]},{"@type":"WebSite","@id":"https:\/\/alpenblickkreischberg.at\/hu\/#website","url":"https:\/\/alpenblickkreischberg.at\/hu\/","name":"Alpenblick Kreischberg","description":"Hotel auf dem Kreischberg bei Murau","publisher":{"@id":"https:\/\/alpenblickkreischberg.at\/hu\/#organization"},"potentialAction":[{"@type":"SearchAction","target":{"@type":"EntryPoint","urlTemplate":"https:\/\/alpenblickkreischberg.at\/hu\/?s={search_term_string}"},"query-input":{"@type":"PropertyValueSpecification","valueRequired":true,"valueName":"search_term_string"}}],"inLanguage":"de"},{"@type":"Organization","@id":"https:\/\/alpenblickkreischberg.at\/hu\/#organization","name":"Alpenblick Kreischberg","url":"https:\/\/alpenblickkreischberg.at\/hu\/","logo":{"@type":"ImageObject","inLanguage":"de","@id":"https:\/\/alpenblickkreischberg.at\/hu\/#\/schema\/logo\/image\/","url":"https:\/\/alpenblickkreischberg.at\/wp-content\/uploads\/2023\/06\/alpenblick-logo.png","contentUrl":"https:\/\/alpenblickkreischberg.at\/wp-content\/uploads\/2023\/06\/alpenblick-logo.png","width":520,"height":212,"caption":"Alpenblick Kreischberg"},"image":{"@id":"https:\/\/alpenblickkreischberg.at\/hu\/#\/schema\/logo\/image\/"}},{"@type":"Person","@id":"https:\/\/alpenblickkreischberg.at\/hu\/#\/schema\/person\/c322f7c94b5c6ee41db962e4275aba3e","name":"agi","image":{"@type":"ImageObject","inLanguage":"de","@id":"https:\/\/secure.gravatar.com\/avatar\/30ce6ae1bc874ee4be7d554cf3b44231849bdf85426eaff0aff005bbe0647ce8?s=96&d=mm&r=g","url":"https:\/\/secure.gravatar.com\/avatar\/30ce6ae1bc874ee4be7d554cf3b44231849bdf85426eaff0aff005bbe0647ce8?s=96&d=mm&r=g","contentUrl":"https:\/\/secure.gravatar.com\/avatar\/30ce6ae1bc874ee4be7d554cf3b44231849bdf85426eaff0aff005bbe0647ce8?s=96&d=mm&r=g","caption":"agi"},"url":"https:\/\/alpenblickkreischberg.at\/de\/author\/agi\/"}]}},"_links":{"self":[{"href":"https:\/\/alpenblickkreischberg.at\/de\/wp-json\/wp\/v2\/posts\/2841","targetHints":{"allow":["GET"]}}],"collection":[{"href":"https:\/\/alpenblickkreischberg.at\/de\/wp-json\/wp\/v2\/posts"}],"about":[{"href":"https:\/\/alpenblickkreischberg.at\/de\/wp-json\/wp\/v2\/types\/post"}],"author":[{"embeddable":true,"href":"https:\/\/alpenblickkreischberg.at\/de\/wp-json\/wp\/v2\/users\/4"}],"replies":[{"embeddable":true,"href":"https:\/\/alpenblickkreischberg.at\/de\/wp-json\/wp\/v2\/comments?post=2841"}],"version-history":[{"count":8,"href":"https:\/\/alpenblickkreischberg.at\/de\/wp-json\/wp\/v2\/posts\/2841\/revisions"}],"predecessor-version":[{"id":3975,"href":"https:\/\/alpenblickkreischberg.at\/de\/wp-json\/wp\/v2\/posts\/2841\/revisions\/3975"}],"wp:featuredmedia":[{"embeddable":true,"href":"https:\/\/alpenblickkreischberg.at\/de\/wp-json\/wp\/v2\/media\/2846"}],"wp:attachment":[{"href":"https:\/\/alpenblickkreischberg.at\/de\/wp-json\/wp\/v2\/media?parent=2841"}],"wp:term":[{"taxonomy":"category","embeddable":true,"href":"https:\/\/alpenblickkreischberg.at\/de\/wp-json\/wp\/v2\/categories?post=2841"},{"taxonomy":"post_tag","embeddable":true,"href":"https:\/\/alpenblickkreischberg.at\/de\/wp-json\/wp\/v2\/tags?post=2841"}],"curies":[{"name":"wp","href":"https:\/\/api.w.org\/{rel}","templated":true}]}}